{"id":1171,"date":"2008-02-09T22:19:57","date_gmt":"2008-02-09T20:19:57","guid":{"rendered":""},"modified":"-0001-11-30T00:00:00","modified_gmt":"-0001-11-29T22:00:00","slug":"post_name","status":"publish","type":"post","link":"https:\/\/www.elenacabrera.com\/weblog3\/2008\/02\/09\/post_name\/","title":{"rendered":"M\u00e1s noticias sobre Depeche en Martingorey"},"content":{"rendered":"<p>\tMartin Gore <a href=\"http:\/\/www.mtv.es\/clubmtv\/martingorey\/2008\/2\/9\/-un-festival-espiritualidad-\">en un rar\u00edsimo Festival de Espiritualidad<\/a>, en M\u00e9xico. El nuevo disco de Depeche Mode <a href=\"http:\/\/www.mtv.es\/clubmtv\/martingorey\/2008\/2\/9\/sera-noviembre-tentativamente-\">podr\u00eda salir el 25 de noviembre de 2008<\/a>.\t<\/p>\n","protected":false},"excerpt":{"rendered":"<p>Martin Gore en un rar\u00edsimo Festival de Espiritualidad, en M\u00e9xico. El nuevo disco de Depeche Mode podr\u00eda salir el 25 de noviembre de 2008.<\/p>\n","protected":false},"author":1,"featured_media":0,"comment_status":"open","ping_status":"open","sticky":false,"template":"","format":"standard","meta":{"footnotes":""},"categories":[],"tags":[],"class_list":["post-1171","post","type-post","status-publish","format-standard","hentry"],"_links":{"self":[{"href":"https:\/\/www.elenacabrera.com\/weblog3\/wp-json\/wp\/v2\/posts\/1171","targetHints":{"allow":["GET"]}}],"collection":[{"href":"https:\/\/www.elenacabrera.com\/weblog3\/wp-json\/wp\/v2\/posts"}],"about":[{"href":"https:\/\/www.elenacabrera.com\/weblog3\/wp-json\/wp\/v2\/types\/post"}],"author":[{"embeddable":true,"href":"https:\/\/www.elenacabrera.com\/weblog3\/wp-json\/wp\/v2\/users\/1"}],"replies":[{"embeddable":true,"href":"https:\/\/www.elenacabrera.com\/weblog3\/wp-json\/wp\/v2\/comments?post=1171"}],"version-history":[{"count":0,"href":"https:\/\/www.elenacabrera.com\/weblog3\/wp-json\/wp\/v2\/posts\/1171\/revisions"}],"wp:attachment":[{"href":"https:\/\/www.elenacabrera.com\/weblog3\/wp-json\/wp\/v2\/media?parent=1171"}],"wp:term":[{"taxonomy":"category","embeddable":true,"href":"https:\/\/www.elenacabrera.com\/weblog3\/wp-json\/wp\/v2\/categories?post=1171"},{"taxonomy":"post_tag","embeddable":true,"href":"https:\/\/www.elenacabrera.com\/weblog3\/wp-json\/wp\/v2\/tags?post=1171"}],"curies":[{"name":"wp","href":"https:\/\/api.w.org\/{rel}","templated":true}]}}