{"id":1173,"date":"2008-02-11T21:53:02","date_gmt":"2008-02-11T19:53:02","guid":{"rendered":""},"modified":"-0001-11-30T00:00:00","modified_gmt":"-0001-11-29T22:00:00","slug":"post_name","status":"publish","type":"post","link":"https:\/\/www.elenacabrera.com\/weblog3\/2008\/02\/11\/post_name\/","title":{"rendered":"Descontrol"},"content":{"rendered":"<p>\tA pesar de que lo vot\u00e9, no fuera a ser que luego me remordiera la conciencia, no le dieron ayer el Bafta a <strong>Sam Riley<\/strong>. Indignante. <a href=\"http:\/\/www.adn.es\/cultura\/20080210\/NWS-1555-BAFTA-Bardem-britanico-reparto-premio.html\">Se lo dieron a Bardem<\/a> en la categor\u00eda de secundario. Bueno. Pero lo que de verdad me hac\u00eda ilusi\u00f3n a m\u00ed era lo de Sam Riley interpretando a <strong>Ian Curtis<\/strong> en <a href=\"http:\/\/momentum.control.substance001.com\/\"><em>Control<\/em><\/a>. Indignante es, y ahora s\u00ed que voy muy en serio, que hoy salga <a href=\"http:\/\/www.play.com\/DVD\/DVD\/4-\/3471571\/Control\/Product.html\">a la venta<\/a> <em>Control<\/em> en DVD y que la pel\u00edcula no haya encontrado distribuidora en Espa\u00f1a para ser estrenada en los cines. Es buen\u00edsima. Yo ten\u00eda todos los nervios del mundo. Estaba predispuesta para que no me gustara, <a href=\"http:\/\/www.elenacabrera.com\/weblog\/?p=995\">a pesar de que me emocionaron los tr\u00e1ilers<\/a>, pero no ha sucedido as\u00ed. Tanto he recreado en mi cabeza algunos momentos de la historia de Joy Division que ver la pel\u00edcula era como recordar algo que hubiera vivido. Las fotos de Anton Corbijn cobraban movimiento, es una sensaci\u00f3n muy extra\u00f1a y a la vez muy natural. <img loading=\"lazy\" decoding=\"async\" width=\"500\" height=\"448\" id=\"image1172\" alt=\"Imagen 2.png\" src=\"http:\/\/www.elenacabrera.com\/weblog\/wp-content\/uploads\/2008\/02\/Imagen%202.png\" \/>\t<\/p>\n","protected":false},"excerpt":{"rendered":"<p>A pesar de que lo vot\u00e9, no fuera a ser que luego me remordiera la conciencia, no le dieron ayer el Bafta a Sam Riley. Indignante. Se lo dieron a Bardem en la categor\u00eda de secundario. Bueno. Pero lo que de verdad me hac\u00eda ilusi\u00f3n a m\u00ed era lo de Sam Riley interpretando a Ian [&hellip;]<\/p>\n","protected":false},"author":1,"featured_media":0,"comment_status":"open","ping_status":"open","sticky":false,"template":"","format":"standard","meta":{"footnotes":""},"categories":[],"tags":[],"class_list":["post-1173","post","type-post","status-publish","format-standard","hentry"],"_links":{"self":[{"href":"https:\/\/www.elenacabrera.com\/weblog3\/wp-json\/wp\/v2\/posts\/1173","targetHints":{"allow":["GET"]}}],"collection":[{"href":"https:\/\/www.elenacabrera.com\/weblog3\/wp-json\/wp\/v2\/posts"}],"about":[{"href":"https:\/\/www.elenacabrera.com\/weblog3\/wp-json\/wp\/v2\/types\/post"}],"author":[{"embeddable":true,"href":"https:\/\/www.elenacabrera.com\/weblog3\/wp-json\/wp\/v2\/users\/1"}],"replies":[{"embeddable":true,"href":"https:\/\/www.elenacabrera.com\/weblog3\/wp-json\/wp\/v2\/comments?post=1173"}],"version-history":[{"count":0,"href":"https:\/\/www.elenacabrera.com\/weblog3\/wp-json\/wp\/v2\/posts\/1173\/revisions"}],"wp:attachment":[{"href":"https:\/\/www.elenacabrera.com\/weblog3\/wp-json\/wp\/v2\/media?parent=1173"}],"wp:term":[{"taxonomy":"category","embeddable":true,"href":"https:\/\/www.elenacabrera.com\/weblog3\/wp-json\/wp\/v2\/categories?post=1173"},{"taxonomy":"post_tag","embeddable":true,"href":"https:\/\/www.elenacabrera.com\/weblog3\/wp-json\/wp\/v2\/tags?post=1173"}],"curies":[{"name":"wp","href":"https:\/\/api.w.org\/{rel}","templated":true}]}}