{"id":1176,"date":"2008-02-12T13:26:30","date_gmt":"2008-02-12T11:26:30","guid":{"rendered":""},"modified":"-0001-11-30T00:00:00","modified_gmt":"-0001-11-29T22:00:00","slug":"post_name","status":"publish","type":"post","link":"https:\/\/www.elenacabrera.com\/weblog3\/2008\/02\/12\/post_name\/","title":{"rendered":"Mi m\u00e1s preciado rub\u00ed"},"content":{"rendered":"<p>\tLa verdad es que el g\u00e9nero del autorretrato es algo a lo que siempre le he puesto mucha pasi\u00f3n e inter\u00e9s, me doy cuenta ahora. David Rub\u00edn se ha dibujado a s\u00ed mismo as\u00ed: <img decoding=\"async\" id=\"image1175\" alt=\"autorretrato David.jpg\" src=\"http:\/\/www.elenacabrera.com\/weblog\/wp-content\/uploads\/2008\/02\/autorretrato%20David.jpg\" \/> Lo ha hecho para el Sal\u00f3 del C\u00f2mic, donde le dedican una exposici\u00f3n por haber ganado el premio al autor revelaci\u00f3n el a\u00f1o pasado. Como casi todo lo que hace David, este retrato me fascina. Saca a la luz su lado m\u00e1s oscuro, el que permanece en silencio cuando \u00e9l r\u00ede a carcajadas. Los que le conocemos sabemos que es as\u00ed pero tambi\u00e9n es lo que no se ve aqu\u00ed: inmenso en ternura y capaz de ser feliz con la misma intensidad de la que es capaz de sufrir. Y por supuesto, el cigarro y la copa de licor caf\u00e9 siempre a su lado. Este a\u00f1o no deber\u00eda perderme el Sal\u00f3 (pero, por supuesto, coincide en fechas con dos cosas importantes que quiro hacer en Madrid: del 17 al 20 de abril). Ir\u00e1 Moebius, Peter Bagge, Adam Hugues, Milo Manara, Tim Sale, Ray Harryhausen y Paul Naschy, que ahora est\u00e1 haciendo guiones de c\u00f3mic. Adem\u00e1s, estar\u00e1n las exposiciones de Max, David Rub\u00edn y Miguelanxo Prado que seguro est\u00e1 preparando Ra\u00fal con su gran arte habitual. M\u00e1s informaci\u00f3n <a href=\"http:\/\/www.ficomic.com\/0_0\/FICOMIC_NOTICIES\/default.cfm?ID=00000009NR\"IDIOMA=ESP\"IDIOMA_ID=2\"MENU=2\"SMENU=1\">aqu\u00ed<\/a>.\t<\/p>\n","protected":false},"excerpt":{"rendered":"<p>La verdad es que el g\u00e9nero del autorretrato es algo a lo que siempre le he puesto mucha pasi\u00f3n e inter\u00e9s, me doy cuenta ahora. David Rub\u00edn se ha dibujado a s\u00ed mismo as\u00ed: Lo ha hecho para el Sal\u00f3 del C\u00f2mic, donde le dedican una exposici\u00f3n por haber ganado el premio al autor revelaci\u00f3n [&hellip;]<\/p>\n","protected":false},"author":1,"featured_media":0,"comment_status":"open","ping_status":"open","sticky":false,"template":"","format":"standard","meta":{"footnotes":""},"categories":[],"tags":[],"class_list":["post-1176","post","type-post","status-publish","format-standard","hentry"],"_links":{"self":[{"href":"https:\/\/www.elenacabrera.com\/weblog3\/wp-json\/wp\/v2\/posts\/1176","targetHints":{"allow":["GET"]}}],"collection":[{"href":"https:\/\/www.elenacabrera.com\/weblog3\/wp-json\/wp\/v2\/posts"}],"about":[{"href":"https:\/\/www.elenacabrera.com\/weblog3\/wp-json\/wp\/v2\/types\/post"}],"author":[{"embeddable":true,"href":"https:\/\/www.elenacabrera.com\/weblog3\/wp-json\/wp\/v2\/users\/1"}],"replies":[{"embeddable":true,"href":"https:\/\/www.elenacabrera.com\/weblog3\/wp-json\/wp\/v2\/comments?post=1176"}],"version-history":[{"count":0,"href":"https:\/\/www.elenacabrera.com\/weblog3\/wp-json\/wp\/v2\/posts\/1176\/revisions"}],"wp:attachment":[{"href":"https:\/\/www.elenacabrera.com\/weblog3\/wp-json\/wp\/v2\/media?parent=1176"}],"wp:term":[{"taxonomy":"category","embeddable":true,"href":"https:\/\/www.elenacabrera.com\/weblog3\/wp-json\/wp\/v2\/categories?post=1176"},{"taxonomy":"post_tag","embeddable":true,"href":"https:\/\/www.elenacabrera.com\/weblog3\/wp-json\/wp\/v2\/tags?post=1176"}],"curies":[{"name":"wp","href":"https:\/\/api.w.org\/{rel}","templated":true}]}}