{"id":1210,"date":"2008-03-06T09:53:11","date_gmt":"2008-03-06T07:53:11","guid":{"rendered":""},"modified":"-0001-11-30T00:00:00","modified_gmt":"-0001-11-29T22:00:00","slug":"post_name","status":"publish","type":"post","link":"https:\/\/www.elenacabrera.com\/weblog3\/2008\/03\/06\/post_name\/","title":{"rendered":"I-m so glad you came, I-m so glad you remembered to see how we-re ending our last dance together"},"content":{"rendered":"<p>\tHoy es el concierto de <strong>The Cure<\/strong> en Madrid y las entradas llevan meses en la mesilla. No es que sea como un concierto de <strong>Depeche<\/strong>, pero a\u00fan as\u00ed, siento cierta emoci\u00f3n porque es como cuando llegan las Navidades, Carnaval o la Semana Santa. Los conciertos de The Cure llegan, y es todo un acontecimiento. Una fiesta. <strong>Javi<\/strong> <a href=\"http:\/\/www.adn.es\/cultura\/20080305\/NWS-0801-the-cure-musica-robert-smith.html\">escribi\u00f3 ayer un art\u00edculo de repaso de las visitas del grupo a Espa\u00f1a<\/a>, contando con los recuerdos que algunos fans guardan de aquellas giras. <strong>Pedro Ortega<\/strong> -s\u00ed, Pedro Ortega- dice que \u00abera el impulso juvenil de imitar al \u00eddolo porque en \u00e9l ve\u00edamos un s\u00edntoma de rebeld\u00eda, de transgresi\u00f3n de la manera de vestir y de peinarse y aparecer frente a los dem\u00e1s reivindicando nuestra diferencia. Eramos \u00e1cratas. The Cure representaban todo eso: la melancol\u00eda, la tristeza, el descontento ante un mundo que no nos gustaba. Y llegar all\u00ed al concierto y ver a Robert Smith<strong> <\/strong>y los suyos te llenaba de una profunda emoci\u00f3n\u00bb. Ayer fue el concierto del <a href=\"http:\/\/www.mtv.es\/especiales\/mtv-winter\/521-inicio\">MTV Winter<\/a> en Valencia (<a href=\"http:\/\/www.adn.es\/cultura\/20080306\/NWS-0511-MTV-Cure-The-Winter-Valencia.html\">cr\u00f3nica de EFE<\/a>) y dentro de unas horas, al Palacio de Deportes. <img loading=\"lazy\" decoding=\"async\" width=\"500\" height=\"375\" src=\"http:\/\/www.adn.es\/clipping\/ADNIMA20080306_0267\/4.jpg\" \/>\t<\/p>\n","protected":false},"excerpt":{"rendered":"<p>Hoy es el concierto de The Cure en Madrid y las entradas llevan meses en la mesilla. No es que sea como un concierto de Depeche, pero a\u00fan as\u00ed, siento cierta emoci\u00f3n porque es como cuando llegan las Navidades, Carnaval o la Semana Santa. Los conciertos de The Cure llegan, y es todo un acontecimiento. [&hellip;]<\/p>\n","protected":false},"author":1,"featured_media":0,"comment_status":"open","ping_status":"open","sticky":false,"template":"","format":"standard","meta":{"footnotes":""},"categories":[],"tags":[],"class_list":["post-1210","post","type-post","status-publish","format-standard","hentry"],"_links":{"self":[{"href":"https:\/\/www.elenacabrera.com\/weblog3\/wp-json\/wp\/v2\/posts\/1210","targetHints":{"allow":["GET"]}}],"collection":[{"href":"https:\/\/www.elenacabrera.com\/weblog3\/wp-json\/wp\/v2\/posts"}],"about":[{"href":"https:\/\/www.elenacabrera.com\/weblog3\/wp-json\/wp\/v2\/types\/post"}],"author":[{"embeddable":true,"href":"https:\/\/www.elenacabrera.com\/weblog3\/wp-json\/wp\/v2\/users\/1"}],"replies":[{"embeddable":true,"href":"https:\/\/www.elenacabrera.com\/weblog3\/wp-json\/wp\/v2\/comments?post=1210"}],"version-history":[{"count":0,"href":"https:\/\/www.elenacabrera.com\/weblog3\/wp-json\/wp\/v2\/posts\/1210\/revisions"}],"wp:attachment":[{"href":"https:\/\/www.elenacabrera.com\/weblog3\/wp-json\/wp\/v2\/media?parent=1210"}],"wp:term":[{"taxonomy":"category","embeddable":true,"href":"https:\/\/www.elenacabrera.com\/weblog3\/wp-json\/wp\/v2\/categories?post=1210"},{"taxonomy":"post_tag","embeddable":true,"href":"https:\/\/www.elenacabrera.com\/weblog3\/wp-json\/wp\/v2\/tags?post=1210"}],"curies":[{"name":"wp","href":"https:\/\/api.w.org\/{rel}","templated":true}]}}