{"id":1243,"date":"2008-04-22T09:06:39","date_gmt":"2008-04-22T07:06:39","guid":{"rendered":""},"modified":"-0001-11-30T00:00:00","modified_gmt":"-0001-11-29T22:00:00","slug":"post_name","status":"publish","type":"post","link":"https:\/\/www.elenacabrera.com\/weblog3\/2008\/04\/22\/post_name\/","title":{"rendered":"Es pa\u00eds para viejos"},"content":{"rendered":"<p>\t<img decoding=\"async\" id=\"image1242\" alt=\"arrugas2_500.jpg\" src=\"http:\/\/www.elenacabrera.com\/weblog\/wp-content\/uploads\/2008\/04\/arrugas2_500.jpg\" \/> <a href=\"http:\/\/www.adn.es\/cultura\/20080421\/NWS-0423-Comic-Paco-Roca-Salo-vencedor.html\"><strong>Paco Roca<\/strong> se ha llevado el gato al agua en el Sal\u00f3 del C\u00f2mic de Barcelona<\/a> gracias a su \u00e1lbum <em>Arrugas<\/em> (Astiberri). Como dir\u00edan mis compa\u00f1eros de redacci\u00f3n, en un c\u00e1ntico instaurado por <strong>Comas,<\/strong> \u00abte lo mereces, te lo mereces\u00bb. As\u00ed que ayer le entrevist\u00e9, para que me contara como es posible que un tebeo sobre ancianos, con lo poco que nos gusta hablar de la vejez, haya triunfado as\u00ed. \u00abLa verdad es que el \u00e9xito de <em>Arrugas <\/em>ha sido m\u00e1s de lo que pudiera haber pensado en un primer momento. Cuando empece a trabajar en el \u00e1lbum la gente me preguntaba de qu\u00e9 iba <em>Arrugas <\/em>as\u00ed que les hac\u00eda un peque\u00f1o resumen: \u00abm\u00e1s o menos va de un anciano que llega a una residencia de ancianos y vamos viendo lo aburrida que es la vida all\u00ed\u00bb. Todos se quedaban bastante fr\u00edos al contarles esto.\u00bb (Sigue leyendo la <a href=\"http:\/\/www.adn.es\/cultura\/20080421\/NWS-2198-Paco-Roca-ganador-salo-entrevista.html\">entrevista a Paco Roca en ADN.es<\/a>). [tags]Paco Roca, c\u00f3mic, Sal\u00f3 del C\u00f2mic, Arrugas[\/tags]\t<\/p>\n","protected":false},"excerpt":{"rendered":"<p>Paco Roca se ha llevado el gato al agua en el Sal\u00f3 del C\u00f2mic de Barcelona gracias a su \u00e1lbum Arrugas (Astiberri). Como dir\u00edan mis compa\u00f1eros de redacci\u00f3n, en un c\u00e1ntico instaurado por Comas, \u00abte lo mereces, te lo mereces\u00bb. As\u00ed que ayer le entrevist\u00e9, para que me contara como es posible que un tebeo [&hellip;]<\/p>\n","protected":false},"author":1,"featured_media":0,"comment_status":"open","ping_status":"open","sticky":false,"template":"","format":"standard","meta":{"footnotes":""},"categories":[],"tags":[],"class_list":["post-1243","post","type-post","status-publish","format-standard","hentry"],"_links":{"self":[{"href":"https:\/\/www.elenacabrera.com\/weblog3\/wp-json\/wp\/v2\/posts\/1243","targetHints":{"allow":["GET"]}}],"collection":[{"href":"https:\/\/www.elenacabrera.com\/weblog3\/wp-json\/wp\/v2\/posts"}],"about":[{"href":"https:\/\/www.elenacabrera.com\/weblog3\/wp-json\/wp\/v2\/types\/post"}],"author":[{"embeddable":true,"href":"https:\/\/www.elenacabrera.com\/weblog3\/wp-json\/wp\/v2\/users\/1"}],"replies":[{"embeddable":true,"href":"https:\/\/www.elenacabrera.com\/weblog3\/wp-json\/wp\/v2\/comments?post=1243"}],"version-history":[{"count":0,"href":"https:\/\/www.elenacabrera.com\/weblog3\/wp-json\/wp\/v2\/posts\/1243\/revisions"}],"wp:attachment":[{"href":"https:\/\/www.elenacabrera.com\/weblog3\/wp-json\/wp\/v2\/media?parent=1243"}],"wp:term":[{"taxonomy":"category","embeddable":true,"href":"https:\/\/www.elenacabrera.com\/weblog3\/wp-json\/wp\/v2\/categories?post=1243"},{"taxonomy":"post_tag","embeddable":true,"href":"https:\/\/www.elenacabrera.com\/weblog3\/wp-json\/wp\/v2\/tags?post=1243"}],"curies":[{"name":"wp","href":"https:\/\/api.w.org\/{rel}","templated":true}]}}