{"id":1248,"date":"2008-04-26T13:12:53","date_gmt":"2008-04-26T11:12:53","guid":{"rendered":""},"modified":"-0001-11-30T00:00:00","modified_gmt":"-0001-11-29T22:00:00","slug":"post_name","status":"publish","type":"post","link":"https:\/\/www.elenacabrera.com\/weblog3\/2008\/04\/26\/post_name\/","title":{"rendered":"C\u00f3mo graba Vigalondo un sketch de Muchachada Nui"},"content":{"rendered":"<p>\t[audio:adn.mp3] Se dice que ese d\u00eda dej\u00f3 al equipo de producci\u00f3n extenuado, agotado. Desde la ma\u00f1ana estuvo rodando el jueves 24 de abril en Malasa\u00f1a. Primero en la plaza Carlos Cambronero, la del Palentino. Y luego en el \u00c9boli (s\u00ed, el \u00c9boli, el bar que es lo m\u00e1s de lo m\u00e1s en rodajes y tortillas de patata; \u00c9boli te quiero) hasta las doce de la noche. Javi Pulido estuvo con ellos por la ma\u00f1ana. Estas son las <a href=\"http:\/\/www.adn.es\/cultura\/20080425\/PGL-0003-muchachada-nui-joaquin-reyes\/.html\">fotos que lo demuestran<\/a>, y <a href=\"http:\/\/www.adn.es\/cultura\/20080425\/VID-0073-Muchachada-Regreso-Nui-futuro.html\">este el v\u00eddeo que lo atestigua<\/a>. Se trata del sketch <em>Regreso al futuro IV,<\/em> para un programa de la segunda temporada, que es la que estamos viendo ahora todos los mi\u00e9rcoles en La 2 (no es que vayan con mucho adelanto respecto a la emisi\u00f3n, \u00bfno?). Aprovecho para recordar <a href=\"http:\/\/www.adn.es\/cultura\/20070919\/NWS-0101-Muchachada-Nui-Hora-Chanante-Reyes.html\">el art\u00edculo que escrib\u00ed cuando grababan el sketch <em>The waiter<\/em><\/a> para la primera temporada, que nunca lleg\u00f3 a emitirse. Cu\u00e1nto les gustan los camareros a la muchachada. \u00a1\u00a1ADENERRRLLLLL!! <img loading=\"lazy\" decoding=\"async\" width=\"500\" height=\"375\" src=\"http:\/\/www.adn.es\/clipping\/ADNIMA20080425_1136\/4.jpg\" \/> <a href=\"http:\/\/www.adn.es\/cultura\/20080425\/VID-0073-Muchachada-Regreso-Nui-futuro.html\">Muchachada Nui<\/a>!\t<\/p>\n","protected":false},"excerpt":{"rendered":"<p>[audio:adn.mp3] Se dice que ese d\u00eda dej\u00f3 al equipo de producci\u00f3n extenuado, agotado. Desde la ma\u00f1ana estuvo rodando el jueves 24 de abril en Malasa\u00f1a. Primero en la plaza Carlos Cambronero, la del Palentino. Y luego en el \u00c9boli (s\u00ed, el \u00c9boli, el bar que es lo m\u00e1s de lo m\u00e1s en rodajes y tortillas [&hellip;]<\/p>\n","protected":false},"author":1,"featured_media":0,"comment_status":"open","ping_status":"open","sticky":false,"template":"","format":"standard","meta":{"footnotes":""},"categories":[],"tags":[],"class_list":["post-1248","post","type-post","status-publish","format-standard","hentry"],"_links":{"self":[{"href":"https:\/\/www.elenacabrera.com\/weblog3\/wp-json\/wp\/v2\/posts\/1248","targetHints":{"allow":["GET"]}}],"collection":[{"href":"https:\/\/www.elenacabrera.com\/weblog3\/wp-json\/wp\/v2\/posts"}],"about":[{"href":"https:\/\/www.elenacabrera.com\/weblog3\/wp-json\/wp\/v2\/types\/post"}],"author":[{"embeddable":true,"href":"https:\/\/www.elenacabrera.com\/weblog3\/wp-json\/wp\/v2\/users\/1"}],"replies":[{"embeddable":true,"href":"https:\/\/www.elenacabrera.com\/weblog3\/wp-json\/wp\/v2\/comments?post=1248"}],"version-history":[{"count":0,"href":"https:\/\/www.elenacabrera.com\/weblog3\/wp-json\/wp\/v2\/posts\/1248\/revisions"}],"wp:attachment":[{"href":"https:\/\/www.elenacabrera.com\/weblog3\/wp-json\/wp\/v2\/media?parent=1248"}],"wp:term":[{"taxonomy":"category","embeddable":true,"href":"https:\/\/www.elenacabrera.com\/weblog3\/wp-json\/wp\/v2\/categories?post=1248"},{"taxonomy":"post_tag","embeddable":true,"href":"https:\/\/www.elenacabrera.com\/weblog3\/wp-json\/wp\/v2\/tags?post=1248"}],"curies":[{"name":"wp","href":"https:\/\/api.w.org\/{rel}","templated":true}]}}