{"id":1255,"date":"2008-05-07T13:15:23","date_gmt":"2008-05-07T11:15:23","guid":{"rendered":""},"modified":"-0001-11-30T00:00:00","modified_gmt":"-0001-11-29T22:00:00","slug":"post_name","status":"publish","type":"post","link":"https:\/\/www.elenacabrera.com\/weblog3\/2008\/05\/07\/post_name\/","title":{"rendered":"Ex Fuentetaja"},"content":{"rendered":"<p>\tEn marzo los consejeros de lectura que trabajaban en la Librer\u00eda Fuentaja fueron despedidos mediante un Burofax. Los <a href=\"http:\/\/huelgafuentetaja.blogspot.com\/\">libreros de Fuentataja<\/a> abandonaron la huelga sin \u00e9xito, sin trabajo, cansados y ninguneados por la empresa que les maltrat\u00f3. \u00c9sta consider\u00f3 que su huelga era ilegal, por eso se vi\u00f3 con derecho a rescindir sus contratos. Adem\u00e1s, aprovechando la coyuntura, les acus\u00f3 de haber <em>\u00ablanzado insultos y difamaciones contra los propietarios, encargado y otros trabajadores de la empresa\u00bb<\/em> (es verdad: hay quien se pica si es llamado explotador o malpagador), <em>\u00abhaber impedido f\u00edsicamente la entrada de clientes coloc\u00e1ndose en la puerta del establecimiento\u00bb <\/em>(es verdad: lo mismo me pas\u00f3 el otro d\u00eda al pasar por Preciados, la calle estaba tan llena de gente que no pude ni entrar a la Farmacia, es para denunciarles<em>), \u00abhaber fomentado adem\u00e1s con su boicot que la clientela no acudiera a comprar a la librer\u00eda generando un clima de opini\u00f3n contrario a la compra en dicho establecimiento tanto a trav\u00e9s de su p\u00e1gina web <a href=\"http:\/\/huelgafuentetaja.blogspot.com\/\">http:\/\/huelgafuentetaja.blogspot.com\/<\/a> as\u00ed como con el reparto y difusi\u00f3n de pasquines, cartas oficiales y dem\u00e1s material impreso (Ej: \u201cYo no compro en Fuentetaja\u201d)\u00bb<\/em> (es verdad: yo he dejado de comprar en Fuentaja, porque me niego a comprar en una librer\u00eda que maltrata laboralmente a un personal cualificado)&#8230; y en fin, as\u00ed m\u00e1s puntos que ridiculizan los derechos de cualquier trabajador, que se burlan con desprecio de unas peticiones justas, b\u00e1sicas. Es una pena que a m\u00ed no me puedan despedir. Como no pueden hacerlo, me autodespido. Los <a href=\"http:\/\/lectoresdefuentetaja.blogspot.com\/\">Lectores de Fuentaja<\/a>, quiz\u00e1s ya no sean, en gran parte, lectores de Fuentaja, sino lectores de Antonio Machado, lectores de La Central o, en los casos m\u00e1s desgraciados, lectores de la FNAC o la Casa del Libro. Pero esto no es culpa de los trabajadores hoy en paro, sino de los due\u00f1os de esa empresa, que nos han roto la ilusi\u00f3n. Por mi parte, y por ahora, yo sigo sin comprar en Fuentetaja y he comenzado la b\u00fasqueda de otra librer\u00eda, con otros presupuestos, que tengan los libros que quiero, que me sepan recomendar. Un lugar donde pueda pasar horas perdida en las estanter\u00edas, y, si no es mucho pedir y ya de paso, si te ofrecen un cafecito, ya ser\u00eda el para\u00edso. Hace unas semanas se inaugur\u00f3 en Malasa\u00f1a, en el antiguo local del Matropiero (cuanta pizza y chato de vino tinto tomamos all\u00ed esperando a que empezaran los conciertos en el Maravillas, con la mirada perdida en los posters del partido Liberaci\u00f3n) una nueva librer\u00eda especializada en relato, titulada Las tres rosas amarillas. Habr\u00e1 que catarla. Y este viernes el suplemento On Madrid ven\u00eda dedicado a Malasa\u00f1a, con entrevistas a algunos amigos y conocidos que recomiendan sitios del barrio. Ajo posaba en una lirber\u00eda de la calla Palma, que tambi\u00e9n habr\u00e1 que investigar. Hacerse fan es lo que tiene, que las decepciones acaban contigo como terremotos emocionales. Y a otra cosa.\t<\/p>\n","protected":false},"excerpt":{"rendered":"<p>En marzo los consejeros de lectura que trabajaban en la Librer\u00eda Fuentaja fueron despedidos mediante un Burofax. Los libreros de Fuentataja abandonaron la huelga sin \u00e9xito, sin trabajo, cansados y ninguneados por la empresa que les maltrat\u00f3. \u00c9sta consider\u00f3 que su huelga era ilegal, por eso se vi\u00f3 con derecho a rescindir sus contratos. Adem\u00e1s, [&hellip;]<\/p>\n","protected":false},"author":1,"featured_media":0,"comment_status":"open","ping_status":"open","sticky":false,"template":"","format":"standard","meta":{"footnotes":""},"categories":[],"tags":[],"class_list":["post-1255","post","type-post","status-publish","format-standard","hentry"],"_links":{"self":[{"href":"https:\/\/www.elenacabrera.com\/weblog3\/wp-json\/wp\/v2\/posts\/1255","targetHints":{"allow":["GET"]}}],"collection":[{"href":"https:\/\/www.elenacabrera.com\/weblog3\/wp-json\/wp\/v2\/posts"}],"about":[{"href":"https:\/\/www.elenacabrera.com\/weblog3\/wp-json\/wp\/v2\/types\/post"}],"author":[{"embeddable":true,"href":"https:\/\/www.elenacabrera.com\/weblog3\/wp-json\/wp\/v2\/users\/1"}],"replies":[{"embeddable":true,"href":"https:\/\/www.elenacabrera.com\/weblog3\/wp-json\/wp\/v2\/comments?post=1255"}],"version-history":[{"count":0,"href":"https:\/\/www.elenacabrera.com\/weblog3\/wp-json\/wp\/v2\/posts\/1255\/revisions"}],"wp:attachment":[{"href":"https:\/\/www.elenacabrera.com\/weblog3\/wp-json\/wp\/v2\/media?parent=1255"}],"wp:term":[{"taxonomy":"category","embeddable":true,"href":"https:\/\/www.elenacabrera.com\/weblog3\/wp-json\/wp\/v2\/categories?post=1255"},{"taxonomy":"post_tag","embeddable":true,"href":"https:\/\/www.elenacabrera.com\/weblog3\/wp-json\/wp\/v2\/tags?post=1255"}],"curies":[{"name":"wp","href":"https:\/\/api.w.org\/{rel}","templated":true}]}}