{"id":1265,"date":"2008-06-21T20:52:22","date_gmt":"2008-06-21T18:52:22","guid":{"rendered":""},"modified":"-0001-11-30T00:00:00","modified_gmt":"-0001-11-29T22:00:00","slug":"post_name","status":"publish","type":"post","link":"https:\/\/www.elenacabrera.com\/weblog3\/2008\/06\/21\/post_name\/","title":{"rendered":"La prima hermana de Iv\u00e1n Z."},"content":{"rendered":"<p>\t\u00abMu\u00e9strame tu casa y ya veremos qu\u00e9 hacemos\u00bb, le dijo <a href=\"http:\/\/www.adn.es\/impresa\/cultura\/20080610\/NWS-2384-querra-filmar-hoy.html\">Andr\u00e9s Duque<\/a> a Iv\u00e1n Zulueta cuando \u00e9ste accedi\u00f3 a sus repetidas peticiones de intromisi\u00f3n, cinematogr\u00e1fica, documental (y personal, que es lo que es) en su vida. Y Zulueta le abri\u00f3 las puertas de Villa Loba. Esto ocurre con m\u00e1s frecuencia de la que creemos porque Sara Brito, de P\u00fablico, se present\u00f3 sin m\u00e1s ni m\u00e1s delante de la famosa enredadera de Villa Loba y, despu\u00e9s de hacer ding dong, Zulueta le dej\u00f3 entrar. He so\u00f1ado tantas veces en mi vida con ese ding dong que s\u00e9 que no lo har\u00e9 nunca. Mientras Andr\u00e9s Duque le hablaba en segunda persona a Eusebio Poncela, escuch\u00e9 la voz de aquel y observ\u00e9 la cara de \u00e9ste. Una temblaba y la otra permanec\u00eda impasible, lejos de all\u00ed. El rostro de Eusebio Poncela estaba escondido bajo un sombrero calado y unas gafas enormes. Cuando le volv\u00ed de ver de nuevo, y era de noche, permanec\u00eda oculto de igual manera. Me acuerdo del hombre que ten\u00eda rayos x en los ojos. <img decoding=\"async\" id=\"image1266\" alt=\"Arrebato\" src=\"http:\/\/www.elenacabrera.com\/weblog\/wp-content\/uploads\/2008\/06\/16_500.jpg\" \/> Cuando Iv\u00e1n Zulueta rodaba los Super 8 desde su piso de Plaza de Espa\u00f1a la polic\u00eda pensaba que grababa las manifestaciones, y por eso le ten\u00edan fichado. Cuenta Marta Fern\u00e1ndez-Muro que \u00abel d\u00eda que les detuvieron en el cine California pensaron que era algo pol\u00edtico, que \u00e9ramos de la ETA\u00bb. Me gustar\u00eda que Eusebio Poncela me hablara todo el rato, que no parara, que nadie le interrumpiera y su frase durase horas. \u00abEn Madrid nos conoc\u00edamos por como \u00edbamos vestidos, luego se convirti\u00f3 en una cosa de amigos, modernos&#8230; Despu\u00e9s de trabajar con muchos maestros, con Iv\u00e1n es con uno de los cineastas con los que m\u00e1s me he identificado, en el sentido de estar feliz con las im\u00e1genes. Con Arrebato descubr\u00ed lo que era el cine. He hecho dos veces de alter ego de Iv\u00e1n, en P\u00e1rpados y Arrebato. Las im\u00e1genes de Iv\u00e1n son cosas que identifico con algo que yo llevo dentro. Como cineasta es de los m\u00e1s grandes que ha dado nuestro cine. Ni se le puede tocar, ni puede tener alumnos. Es un visionario, es un vidente\u00bb. El tema que le pone nervioso a Zulueta, a \u00e9l, a m\u00ed, a todos, es el empuje para seguir haciendo cine. No digo un largo. Ni digo un corto. S\u00f3lo grabar por grabar, como quien tira polaroids, sin importar el coste, s\u00f3lo porque hay que tirarlas. Eusebio Poncela (ni Eusebio ni Poncela, Eusebio Poncela, como si le llamara Joaqu\u00edn Reyes) sabe \u00abque tiene guiones y que hay gente muy cercana a \u00e9l que est\u00e1 haciendo todo lo posible para poder ver otra pel\u00edcula de Iv\u00e1n. No est\u00e1 encerrado en Villa Loba cont\u00e1ndose los pelos de los huevos, es muy activo, est\u00e1 grabando cosas, muy activo, hay cosas que nadie ha visto y nos puede dar alguna sorpresa. Tiene guiones escritos. Iv\u00e1n sin presi\u00f3n no ser\u00eda Iv\u00e1n, ser\u00eda una prima hermana de\u00bb. <img decoding=\"async\" id=\"image1268\" alt=\"Arrebato\" src=\"http:\/\/www.elenacabrera.com\/weblog\/wp-content\/uploads\/2008\/06\/19_500.jpg\" \/> Estoy molesta porque Eusebio Poncela est\u00e1 hablando de Iv\u00e1n Zulueta en un sal\u00f3n de la SGAE y me parece tan fuera de lugar que lo encuentro ofensivo. Se lo digo a Andr\u00e9s Duque y lo comparte. Me alegro de sac\u00e1rmelo de dentro. Pero y qu\u00e9, qu\u00e9 cambia eso. Pedro en agosto se va con una c\u00e1mara a Villa Loba y esta vez no es para \u00e9l. Eso s\u00ed que puede hacer que las cosas cambien. Igual que cuando vi esa pel\u00edcula por primera vez muchas cosas cambiaron para m\u00ed. Pero yo quiero que cada vez que la vea haya cosas que cambien. Por eso me fui a verla esa noche al Cine Alba. Un rato despu\u00e9s estoy frente a Eusebio Poncela y no s\u00e9 qu\u00e9 hacer m\u00e1s que sonre\u00edr y levantarle mi copa de vino. \u00c9l tambi\u00e9n me sonr\u00ede debajo de tantas gafas y abrigos y sombreros, pero hace mucho calor. A veces hay chicos que no conozco que me sonr\u00eden y me levantan su copa. Normalmente no me gusta, a no ser que no les vuelva a ver jam\u00e1s. Pero eso lo pienso despu\u00e9s. <img decoding=\"async\" id=\"image1267\" alt=\"Arrebato\" src=\"http:\/\/www.elenacabrera.com\/weblog\/wp-content\/uploads\/2008\/06\/Foto%208_500.jpg\" \/> As\u00ed que es de noche y <a href=\"http:\/\/www.flickr.com\/photos\/elenac\/2576858559\/\">me he arreglado veloz en quince minutos<\/a>. Incluso me he pintado los labios con carm\u00edn rojo, como Ana Turner, porque antes no me los pintaba, como Ana Turner. Y he salido al cine, a ver Arrebato, pero en realidad a algo m\u00e1s. Algo m\u00e1s que no se produjo. Ni antes ni despu\u00e9s, pero la pel\u00edcula es eterna, y durante ella todo es posible. <a title=\"Rapture por elenac, en Flickr\" href=\"http:\/\/www.flickr.com\/photos\/elenac\/2597668881\/\"><img loading=\"lazy\" decoding=\"async\" width=\"500\" height=\"375\" alt=\"Rapture\" src=\"http:\/\/farm4.static.flickr.com\/3184\/2597668881_2f7d780c40.jpg\" \/><\/a> <a title=\"Especial calidad por elenac, en Flickr\" href=\"http:\/\/www.flickr.com\/photos\/elenac\/2597655351\/\"><img loading=\"lazy\" decoding=\"async\" width=\"500\" height=\"375\" alt=\"Especial calidad\" src=\"http:\/\/farm4.static.flickr.com\/3253\/2597655351_07a302f1dd.jpg\" \/><\/a> <a title=\"Jos\u00e9 Sirgado y Marta por elenac, en Flickr\" href=\"http:\/\/www.flickr.com\/photos\/elenac\/2597685165\/\"><img loading=\"lazy\" decoding=\"async\" width=\"500\" height=\"375\" alt=\"Jos\u00e9 Sirgado y Marta\" src=\"http:\/\/farm4.static.flickr.com\/3295\/2597685165_746c96eedc.jpg\" \/><\/a> [tags]Iv\u00e1n Zulueta,Arrebato,Andr\u00e9s Duque,Marta Fern\u00e1ndez-Muro[\/tags]\t<\/p>\n","protected":false},"excerpt":{"rendered":"<p>\u00abMu\u00e9strame tu casa y ya veremos qu\u00e9 hacemos\u00bb, le dijo Andr\u00e9s Duque a Iv\u00e1n Zulueta cuando \u00e9ste accedi\u00f3 a sus repetidas peticiones de intromisi\u00f3n, cinematogr\u00e1fica, documental (y personal, que es lo que es) en su vida. Y Zulueta le abri\u00f3 las puertas de Villa Loba. Esto ocurre con m\u00e1s frecuencia de la que creemos porque [&hellip;]<\/p>\n","protected":false},"author":1,"featured_media":0,"comment_status":"open","ping_status":"open","sticky":false,"template":"","format":"standard","meta":{"footnotes":""},"categories":[],"tags":[],"class_list":["post-1265","post","type-post","status-publish","format-standard","hentry"],"_links":{"self":[{"href":"https:\/\/www.elenacabrera.com\/weblog3\/wp-json\/wp\/v2\/posts\/1265","targetHints":{"allow":["GET"]}}],"collection":[{"href":"https:\/\/www.elenacabrera.com\/weblog3\/wp-json\/wp\/v2\/posts"}],"about":[{"href":"https:\/\/www.elenacabrera.com\/weblog3\/wp-json\/wp\/v2\/types\/post"}],"author":[{"embeddable":true,"href":"https:\/\/www.elenacabrera.com\/weblog3\/wp-json\/wp\/v2\/users\/1"}],"replies":[{"embeddable":true,"href":"https:\/\/www.elenacabrera.com\/weblog3\/wp-json\/wp\/v2\/comments?post=1265"}],"version-history":[{"count":0,"href":"https:\/\/www.elenacabrera.com\/weblog3\/wp-json\/wp\/v2\/posts\/1265\/revisions"}],"wp:attachment":[{"href":"https:\/\/www.elenacabrera.com\/weblog3\/wp-json\/wp\/v2\/media?parent=1265"}],"wp:term":[{"taxonomy":"category","embeddable":true,"href":"https:\/\/www.elenacabrera.com\/weblog3\/wp-json\/wp\/v2\/categories?post=1265"},{"taxonomy":"post_tag","embeddable":true,"href":"https:\/\/www.elenacabrera.com\/weblog3\/wp-json\/wp\/v2\/tags?post=1265"}],"curies":[{"name":"wp","href":"https:\/\/api.w.org\/{rel}","templated":true}]}}