{"id":1269,"date":"2008-06-22T22:47:31","date_gmt":"2008-06-22T20:47:31","guid":{"rendered":""},"modified":"-0001-11-30T00:00:00","modified_gmt":"-0001-11-29T22:00:00","slug":"post_name","status":"publish","type":"post","link":"https:\/\/www.elenacabrera.com\/weblog3\/2008\/06\/22\/post_name\/","title":{"rendered":"\u00bfNo es gracioso c\u00f3mo funciona mi cuerpo?"},"content":{"rendered":"<p>\t<img decoding=\"async\" id=\"image1272\" alt=\"Fixmer McCarthy\" src=\"http:\/\/www.elenacabrera.com\/weblog\/wp-content\/uploads\/2008\/06\/plarge003.JPG\" \/> Recuerdo aquel concierto. Me entusiasm\u00f3. Aunque estaba agotada de esperar tantas horas. Jurar\u00eda que hasta las cuatro o as\u00ed no tocaron. En mi memoria, la sala parec\u00eda un ring, una pelea de gallos, una arenga espont\u00e1nea. El escenario no era m\u00e1s que un caj\u00f3n elevado y, en \u00e9l, vestido de negro, con la camisa arremangada, delgado y fibroso como el esp\u00edritu de la EBM es, Douglas McCarthy bailaba agarrado al micro. Terence Fixmer, creo yo pero igual me lo invento, no estaba junto a \u00e9l sino en una cabina. Rode\u00e1bamos en c\u00edrculo a McCarthy y le cubr\u00edamos de violencia. Eso es lo que recuerdo. Veo los brazos en alto y los empujones. Me veo a m\u00ed, acelerando el pulso. Me gusta lo que dice <a href=\"http:\/\/www.fixmermccarthy.com\/fmindex.html\">la biograf\u00eda de Fixmer\/McCarthy<\/a>: \u00abDespu\u00e9s de muchos a\u00f1os de silencio, Douglas McCarthy, la legendaria voz de Nitzer Ebb, \u00a1est\u00e1 listo para una nueva GUERRA electr\u00f3nica!\u00bb. En 2004 Terence Fixmer y el cantante de Nitzer Ebb hicieron un disco titulado \u00abBetween the devil\u00bb y el 23 de mayo han sacado el segundo, \u00abInto the night\u00bb. Y me encanta el disco. Lo escucho mientras escribo esto. Ahora que me meto en la noche. Me gusta much\u00edsimo. Me pregunto porqu\u00e9 tanto. A nadie le he visto poner tanto entusiasmo. Debe ser que no es tan bueno. Pero hay algo en \u00e9l que es tremendo. Quiz\u00e1s son los tonos, el de las programaciones de Fixmer y el de la voz de Douglas, que siempre me han puesto. <img decoding=\"async\" id=\"image1271\" alt=\"McCarthy\" src=\"http:\/\/www.elenacabrera.com\/weblog\/wp-content\/uploads\/2008\/06\/mccarthy.jpg\" \/> <img decoding=\"async\" id=\"image1270\" alt=\"Terence Fixmer\" src=\"http:\/\/www.elenacabrera.com\/weblog\/wp-content\/uploads\/2008\/06\/terence.jpg\" \/> [tags]Terence Fixmer,Douglas McCarthy,Nitzer Ebb,Fixmer McCarthy[\/tags]\t<\/p>\n","protected":false},"excerpt":{"rendered":"<p>Recuerdo aquel concierto. Me entusiasm\u00f3. Aunque estaba agotada de esperar tantas horas. Jurar\u00eda que hasta las cuatro o as\u00ed no tocaron. En mi memoria, la sala parec\u00eda un ring, una pelea de gallos, una arenga espont\u00e1nea. El escenario no era m\u00e1s que un caj\u00f3n elevado y, en \u00e9l, vestido de negro, con la camisa arremangada, [&hellip;]<\/p>\n","protected":false},"author":1,"featured_media":0,"comment_status":"open","ping_status":"open","sticky":false,"template":"","format":"standard","meta":{"footnotes":""},"categories":[],"tags":[],"class_list":["post-1269","post","type-post","status-publish","format-standard","hentry"],"_links":{"self":[{"href":"https:\/\/www.elenacabrera.com\/weblog3\/wp-json\/wp\/v2\/posts\/1269","targetHints":{"allow":["GET"]}}],"collection":[{"href":"https:\/\/www.elenacabrera.com\/weblog3\/wp-json\/wp\/v2\/posts"}],"about":[{"href":"https:\/\/www.elenacabrera.com\/weblog3\/wp-json\/wp\/v2\/types\/post"}],"author":[{"embeddable":true,"href":"https:\/\/www.elenacabrera.com\/weblog3\/wp-json\/wp\/v2\/users\/1"}],"replies":[{"embeddable":true,"href":"https:\/\/www.elenacabrera.com\/weblog3\/wp-json\/wp\/v2\/comments?post=1269"}],"version-history":[{"count":0,"href":"https:\/\/www.elenacabrera.com\/weblog3\/wp-json\/wp\/v2\/posts\/1269\/revisions"}],"wp:attachment":[{"href":"https:\/\/www.elenacabrera.com\/weblog3\/wp-json\/wp\/v2\/media?parent=1269"}],"wp:term":[{"taxonomy":"category","embeddable":true,"href":"https:\/\/www.elenacabrera.com\/weblog3\/wp-json\/wp\/v2\/categories?post=1269"},{"taxonomy":"post_tag","embeddable":true,"href":"https:\/\/www.elenacabrera.com\/weblog3\/wp-json\/wp\/v2\/tags?post=1269"}],"curies":[{"name":"wp","href":"https:\/\/api.w.org\/{rel}","templated":true}]}}