{"id":1278,"date":"2008-07-06T15:03:49","date_gmt":"2008-07-06T13:03:49","guid":{"rendered":""},"modified":"-0001-11-30T00:00:00","modified_gmt":"-0001-11-29T22:00:00","slug":"post_name","status":"publish","type":"post","link":"https:\/\/www.elenacabrera.com\/weblog3\/2008\/07\/06\/post_name\/","title":{"rendered":"Tras la de los constructores llega la segunda burbuja a estallar: la de los festivales"},"content":{"rendered":"<p>\t<a href=\"http:\/\/actualidad.terra.es\/cultura\/articulo\/fib-ultima-nueva-marea-indie-2598371.htm\">EFE distribuy\u00f3 ayer un teletipo con una entrevista a Jos\u00e9 Mor\u00e1n<\/a>. Cuando lo le\u00ed me asust\u00e9, porque ven\u00eda a dar a entender que la crisis econ\u00f3mica y la competencia hab\u00eda afectado de tal manera al Festival de Benic\u00e0ssim que este a\u00f1o hab\u00eda ca\u00eddo la venta de abonos. Despu\u00e9s de hablar con Aldo Linares, con Ernesto Gonz\u00e1lez y con el propio Jos\u00e9 Mor\u00e1n, me entero de que esto no es cierto, as\u00ed que escribo mi propio art\u00edculo, que es el que est\u00e1 m\u00e1s abajo. Entiendo que un \u00abtodo va bien\u00bb es una no-noticia, y que los matices no venden, pero a\u00fan as\u00ed, he querido contarlo. Cualquiera que me conozca entender\u00e1 porqu\u00e9. <\/p>\n<div style=\"text-align: center\"><img decoding=\"async\" src=\"http:\/\/www.adn.es\/clipping\/ADNIMA20070723_2017\/5.jpg\" \/><\/div>\n<p> <strong>El Festival de Benic\u00e0ssim estima una asistencia similar a la del a\u00f1o pasado<\/strong> <strong>A diferencia del a\u00f1o anterior, los abonos a\u00fan no se han agotado, debido a la ampliaci\u00f3n de la capacidad de la zona de acampada, la competencia y la recesi\u00f3n econ\u00f3mica<\/strong> Dentro de dos fines de semana la peque\u00f1a localidad costera de Benic\u00e0ssim vivir\u00e1 un estallido festivo \u00fanico en este pa\u00eds. <a target=\"_BLANK\" href=\"http:\/\/www.adn.es\/etiqueta\/festivales\/\">Festivales<\/a> hay muchos, pero longevos y personales como este, ya son menos. Y as\u00ed lleva sucediendo desde hace trece veranos. <a href=\"\/cultura\/20070718\/NWS-1763-FIB-2007-musica-festival.html\">2007 fue la edici\u00f3n del Festival Internacional de Benic\u00e0ssim<\/a> que mayor afluencia de p\u00fablico atrajo. 40.000 personas, 4.000 m\u00e1s que el a\u00f1o anterior, acudieron al canto de sirena de la m\u00fasica indie, la playa, el sol, la monta\u00f1a, la noche y el salitre. Este a\u00f1o se ha ampliado la zona de acampada a 35.000 personas (hasta 2007 s\u00f3lo pod\u00eda albergar 25.000); por lo que se han puesto a la venta m\u00e1s abonos. <strong>Jos\u00e9 Luis Mor\u00e1n,<\/strong> co director del festival estima \u00abunas cifras de asistencia en torno a las del a\u00f1o pasado\u00bb, en declaraciones a ADN.es. Y eso, en un a\u00f1o \u00abcomplicado\u00bb como el que vivimos, puede ser considerado \u00abtodo un \u00e9xito\u00bb. No obstante, a d\u00eda 6 de julio, ya se han sobrepasado los 30.000 abonos vendidos, lo que son 2.000 m\u00e1s que en 2007. Pero el total de asistentes se calcula sumando los abonos a las entradas sueltas para cada d\u00eda. Y este a\u00f1o se espera que caigan un poco las entradas de d\u00eda, por lo que la asistencia total quedar\u00e1, m\u00e1s o menos, en las mismas cifras que el verano pasado. <strong>La burbuja festivalera <\/strong> Es un a\u00f1o dif\u00edcil porque la competencia entre las promotoras de conciertos ha sido m\u00e1s cruenta que nunca. La llegada de un macrofestival como <a target=\"_BLANK\" href=\"http:\/\/www.adn.es\/etiqueta\/rock%20in%20rio%20madrid\/\">Rock in Rio<\/a>, el desplazamiento de la <a target=\"_BLANK\" href=\"http:\/\/www.adn.es\/cultura\/20071217\/NWS-2433-FIB-Summercase-coincidiran-semana-mismo.html\">fecha de Summercase para hacerlo coincidir con FIB Heineken<\/a> y los 200 festivales de menor tama\u00f1o que tienen lugar en Espa\u00f1a durante el verano est\u00e1n creado lo que Mor\u00e1n ha calificado, en declaraciones a la agencia EFE, una \u00abburbuja\u00bb. El promotor advierte que \u00abmuchos no repetir\u00e1n en 2009\u00bb. A la situaci\u00f3n de competencia nacional hemos de a\u00f1adir la coyuntura econ\u00f3mica internacional, \u00abque tambi\u00e9n afecta\u00bb. En junio <a target=\"_BLANK\" href=\"http:\/\/www.adn.es\/dinero\/20080703\/NWS-0559-confianza-consumidor-crisis-economia-desaceleracion.html\">se ha desacelerado el consumo privado, sobre todo en los j\u00f3venes<\/a>, suben las <a target=\"_BLANK\" href=\"http:\/\/www.adn.es\/dinero\/vivienda\/20080630\/NWS-0583-Euribor.html\">hipotecas<\/a> y la <a target=\"_BLANK\" href=\"http:\/\/www.adn.es\/dinero\/20080703\/NWS-0702-gasolina-gasoleo-precios-brent-crudo.html\">gasolina<\/a>, crece el <a target=\"_BLANK\" href=\"http:\/\/www.adn.es\/dinero\/20080702\/NWS-0360-paro-desempleo-crisis-economia-laboral.html\">paro<\/a>, y un abono para ir al FIB Heineken cuesta 170 euros (4 d\u00edas), para Summercase 120 (2 d\u00edas) y para asistir a todos los d\u00edas de Rock in Rio se necesitan 317 euros (5 d\u00edas). A muchos asalariados se les ha ido la llamada paga de Zapatero que recibieron en junio en comprar una entrada para un festival. <strong>Ubicuidad<\/strong> Este es el primer a\u00f1o que el festival organizado por Maraworld decide programar una cita simult\u00e1nea en otra ciudad. La noche del s\u00e1bado los principales nombres del cartel actuar\u00e1n en el Parque Juan Carlos I de Madrid, en lo que se ha dado en llamar Saturday Night Fiber. Con esta estretegia, Maraworld contraprograma la argucia de la promotora Sinnamon, que movi\u00f3 la fecha de su festival Summercase y, por ello, coincide con Benic\u00e0ssim. Summercase se celebra en Barcelona y Madrid y FIB Heineken en Benic\u00e0ssim y Madrid. En la cita madrile\u00f1a del s\u00e1bado ee espera reunir a unas 10.000 personas y en funci\u00f3n de la respuesta obtenida y de la recuperaci\u00f3n de la situaci\u00f3n econ\u00f3mica, sus organizadores se plantear\u00e1n ampliar en pr\u00f3ximas ediciones a una segunda noche. <a href=\"http:\/\/www.adn.es\/cultura\/20080705\/NWS-0772-asistencia-fib-jose-moran-abonos.html\"><strong>L\u00e9elo en ADN.es <\/strong><\/a>\t<\/p>\n","protected":false},"excerpt":{"rendered":"<p>EFE distribuy\u00f3 ayer un teletipo con una entrevista a Jos\u00e9 Mor\u00e1n. Cuando lo le\u00ed me asust\u00e9, porque ven\u00eda a dar a entender que la crisis econ\u00f3mica y la competencia hab\u00eda afectado de tal manera al Festival de Benic\u00e0ssim que este a\u00f1o hab\u00eda ca\u00eddo la venta de abonos. Despu\u00e9s de hablar con Aldo Linares, con Ernesto [&hellip;]<\/p>\n","protected":false},"author":1,"featured_media":0,"comment_status":"open","ping_status":"open","sticky":false,"template":"","format":"standard","meta":{"footnotes":""},"categories":[],"tags":[],"class_list":["post-1278","post","type-post","status-publish","format-standard","hentry"],"_links":{"self":[{"href":"https:\/\/www.elenacabrera.com\/weblog3\/wp-json\/wp\/v2\/posts\/1278","targetHints":{"allow":["GET"]}}],"collection":[{"href":"https:\/\/www.elenacabrera.com\/weblog3\/wp-json\/wp\/v2\/posts"}],"about":[{"href":"https:\/\/www.elenacabrera.com\/weblog3\/wp-json\/wp\/v2\/types\/post"}],"author":[{"embeddable":true,"href":"https:\/\/www.elenacabrera.com\/weblog3\/wp-json\/wp\/v2\/users\/1"}],"replies":[{"embeddable":true,"href":"https:\/\/www.elenacabrera.com\/weblog3\/wp-json\/wp\/v2\/comments?post=1278"}],"version-history":[{"count":0,"href":"https:\/\/www.elenacabrera.com\/weblog3\/wp-json\/wp\/v2\/posts\/1278\/revisions"}],"wp:attachment":[{"href":"https:\/\/www.elenacabrera.com\/weblog3\/wp-json\/wp\/v2\/media?parent=1278"}],"wp:term":[{"taxonomy":"category","embeddable":true,"href":"https:\/\/www.elenacabrera.com\/weblog3\/wp-json\/wp\/v2\/categories?post=1278"},{"taxonomy":"post_tag","embeddable":true,"href":"https:\/\/www.elenacabrera.com\/weblog3\/wp-json\/wp\/v2\/tags?post=1278"}],"curies":[{"name":"wp","href":"https:\/\/api.w.org\/{rel}","templated":true}]}}