{"id":2001000,"date":"2009-07-17T18:16:51","date_gmt":"2009-07-17T17:16:51","guid":{"rendered":""},"modified":"2009-07-17T18:16:51","modified_gmt":"2009-07-17T17:16:51","slug":"twitteando-desde-el-fib","status":"publish","type":"post","link":"https:\/\/www.elenacabrera.com\/weblog3\/2009\/07\/17\/twitteando-desde-el-fib\/","title":{"rendered":"Twitteando desde el #fib"},"content":{"rendered":"<p>En la medida en que la conexi\u00f3n con el m\u00f3vil funciona y haya conciertos aburridos voy contando cosas que voy viendo por el FIB 2009 <a href=\"http:\/\/twitter.com\/elenac\">en Twitter<\/a>.<br \/>\n\u00a1Mi d\u00e9cimo quinto festival de Benic\u00e0ssim!<\/p>\n<p>A\u00fan estoy esperando alg\u00fan comentario sobre mi art\u00edculo del Fiber, m\u00e1s all\u00e1 de los que han participado en \u00e9l con los que me fui encontrando ayer. Me gustar\u00eda saber qu\u00e9 reacci\u00f3n causa el que ya no exista. Ayer nos acercamos al HelpDesk para pedir unos cuadros de horarios, antes de que supiera que si no estaban en la web ni hab\u00eda programas de manos ni los encontrabas por ah\u00ed era porque este a\u00f1o la organizaci\u00f3n decidi\u00f3 hacer negocio con ellos y en el puesto de merchandising te daban un colgante de cuello con fichas de horarios + el programa de mano por siete euros. As\u00ed que, inocente, nos acercamos al puesto de ayuda y un chaval nos aconseja que, si no queremos pagar por ellos, s\u00f3lo hay otra manera de tenerlos, y era esperar a que al d\u00eda siguiente saliera el peri\u00f3dico del festival. \u00bfQu\u00e9 peri\u00f3dico?, le pregunto. Uno que se hace desde aqu\u00ed y que sale todos los d\u00edas. Este a\u00f1o no hay, le digo. Y \u00e9l me insiste. Te aseguro que no, le respondo. A lo que \u00e9l, crey\u00e9ndome, me contesta, pues ya sabes m\u00e1s que yo. Lo que siempre es parad\u00f3jico en una persona que trabaja en un puesto de informaci\u00f3n. Me sent\u00ed triste, amargada y resignada.<\/p>\n","protected":false},"excerpt":{"rendered":"<p>En la medida en que la conexi\u00f3n con el m\u00f3vil funciona y haya conciertos aburridos voy contando cosas que voy viendo por el FIB 2009 en Twitter. \u00a1Mi d\u00e9cimo quinto festival de Benic\u00e0ssim! A\u00fan estoy esperando alg\u00fan comentario sobre mi art\u00edculo del Fiber, m\u00e1s all\u00e1 de los que han participado en \u00e9l con los que [&hellip;]<\/p>\n","protected":false},"author":1,"featured_media":0,"comment_status":"open","ping_status":"open","sticky":false,"template":"","format":"standard","meta":{"footnotes":""},"categories":[],"tags":[],"class_list":["post-2001000","post","type-post","status-publish","format-standard","hentry"],"_links":{"self":[{"href":"https:\/\/www.elenacabrera.com\/weblog3\/wp-json\/wp\/v2\/posts\/2001000","targetHints":{"allow":["GET"]}}],"collection":[{"href":"https:\/\/www.elenacabrera.com\/weblog3\/wp-json\/wp\/v2\/posts"}],"about":[{"href":"https:\/\/www.elenacabrera.com\/weblog3\/wp-json\/wp\/v2\/types\/post"}],"author":[{"embeddable":true,"href":"https:\/\/www.elenacabrera.com\/weblog3\/wp-json\/wp\/v2\/users\/1"}],"replies":[{"embeddable":true,"href":"https:\/\/www.elenacabrera.com\/weblog3\/wp-json\/wp\/v2\/comments?post=2001000"}],"version-history":[{"count":0,"href":"https:\/\/www.elenacabrera.com\/weblog3\/wp-json\/wp\/v2\/posts\/2001000\/revisions"}],"wp:attachment":[{"href":"https:\/\/www.elenacabrera.com\/weblog3\/wp-json\/wp\/v2\/media?parent=2001000"}],"wp:term":[{"taxonomy":"category","embeddable":true,"href":"https:\/\/www.elenacabrera.com\/weblog3\/wp-json\/wp\/v2\/categories?post=2001000"},{"taxonomy":"post_tag","embeddable":true,"href":"https:\/\/www.elenacabrera.com\/weblog3\/wp-json\/wp\/v2\/tags?post=2001000"}],"curies":[{"name":"wp","href":"https:\/\/api.w.org\/{rel}","templated":true}]}}