{"id":2001014,"date":"2009-08-05T11:57:12","date_gmt":"2009-08-05T10:57:12","guid":{"rendered":""},"modified":"2017-08-23T20:26:35","modified_gmt":"2017-08-23T18:26:35","slug":"ven-o-paradis","status":"publish","type":"post","link":"https:\/\/www.elenacabrera.com\/weblog3\/2009\/08\/05\/ven-o-paradis\/","title":{"rendered":"Ven, \u00d4 Paradis"},"content":{"rendered":"<p>Conoc\u00ed a Demian cuando viajamos a Barcelona para ver el -ya m\u00edtico- concierto de Current 93 en la sala La Paloma. Milord me lo present\u00f3. Antes de volver a encontrarme con Alberto yo no conoc\u00eda \u00d4 Paradis, o no ten\u00eda recuerdo de conocerlo. \u00c9l quer\u00eda aprovechar el viaje a Barcelona para hacerle a Demian una entrevista peculiar. Durante el trayecto en coche estuvimos escuchando sus discos, pero sobre todo La boca del infierno.<br \/>\nDespu\u00e9s del concierto, fuimos al Nocturna, en L&#8217;Hospitalet, y all\u00ed coincidimos con \u00e9l y con el Comandante y Ella, de Comando Suzie. Ya de madrugada nos volvimos los cinco en su coche a Barcelona.<br \/>\nDemian vest\u00eda de lino blanco. Envueltos en la oscuridad y la luz estrobosc\u00f3pica, entre correas de cuero, crestas y botas de metal, Demian me pregunt\u00f3 que deb\u00eda parecerme raro verle as\u00ed vestido en un sitio como aquel. Le dije que m\u00e1s o menos s\u00ed. Pero en realidad, lo confieso ahora, no me lo hab\u00eda planteado hasta que \u00e9l lo dijo. A veces asumo las excepciones con una naturalidad pasmosa que a veces interpreto como falta de atenci\u00f3n y otras como solidaridad de mi propia capacidad para parecer siempre fuera de sitio.<br \/>\nNo s\u00e9 si fue ya por aquel entonces o en una visita posterior a Madrid, cuando el festival Madrid Le Blanc, que Demian le dijo a Alberto que quer\u00eda que fuera \u00e9l quien montara un concierto de \u00d4 Paradis en Madrid. No ser\u00eda la primera vez. Creo que sent\u00eda que Alberto le entend\u00eda y que no hab\u00eda mejor persona en esta ciudad de cuerdos para hacerlo.<br \/>\nDos a\u00f1os despu\u00e9s, as\u00ed sucede, tal y como Demian lo dese\u00f3:<\/p>\n<p><center><img decoding=\"async\" src=\"https:\/\/lastfm-img2.akamaized.net\/i\/u\/ar0\/4b62af965a794a1aca6d7f2b73f72713\" \/><\/center>Alberto Monreal y Elena Cabrera presentan: \u00d4 Paradis en concierto, acompa\u00f1ado de Escama Serrada como grupo invitado.<br \/>\nViernes 11 de septiembre, 21:30 (puertas y taquilla) 22:00 (concierto)<br \/>\nSala La Boite. c\/ Tetu\u00e1n, 27. Madrid. Metro: Gran V\u00eda, Sol y Callao<br \/>\nEntrada: 8 euros anticipada (Rara Avis, Rotor y Diskpol) \u00b7 10 euros en la taquilla<\/p>\n<p><a href=\"http:\/\/www.lastfm.es\/event\/1143469\">Evento en Last.fm<\/a><br \/>\n<a href=\"Evento en nvivo.es\">Evento en nvivo.es<\/a><\/center><\/p>\n","protected":false},"excerpt":{"rendered":"<p>Conoc\u00ed a Demian cuando viajamos a Barcelona para ver el -ya m\u00edtico- concierto de Current 93 en la sala La Paloma. Milord me lo present\u00f3. Antes de volver a encontrarme con Alberto yo no conoc\u00eda \u00d4 Paradis, o no ten\u00eda recuerdo de conocerlo. \u00c9l quer\u00eda aprovechar el viaje a Barcelona para hacerle a Demian una [&hellip;]<\/p>\n","protected":false},"author":1,"featured_media":0,"comment_status":"open","ping_status":"open","sticky":false,"template":"","format":"standard","meta":{"footnotes":""},"categories":[],"tags":[],"class_list":["post-2001014","post","type-post","status-publish","format-standard","hentry"],"_links":{"self":[{"href":"https:\/\/www.elenacabrera.com\/weblog3\/wp-json\/wp\/v2\/posts\/2001014","targetHints":{"allow":["GET"]}}],"collection":[{"href":"https:\/\/www.elenacabrera.com\/weblog3\/wp-json\/wp\/v2\/posts"}],"about":[{"href":"https:\/\/www.elenacabrera.com\/weblog3\/wp-json\/wp\/v2\/types\/post"}],"author":[{"embeddable":true,"href":"https:\/\/www.elenacabrera.com\/weblog3\/wp-json\/wp\/v2\/users\/1"}],"replies":[{"embeddable":true,"href":"https:\/\/www.elenacabrera.com\/weblog3\/wp-json\/wp\/v2\/comments?post=2001014"}],"version-history":[{"count":1,"href":"https:\/\/www.elenacabrera.com\/weblog3\/wp-json\/wp\/v2\/posts\/2001014\/revisions"}],"predecessor-version":[{"id":2002002148,"href":"https:\/\/www.elenacabrera.com\/weblog3\/wp-json\/wp\/v2\/posts\/2001014\/revisions\/2002002148"}],"wp:attachment":[{"href":"https:\/\/www.elenacabrera.com\/weblog3\/wp-json\/wp\/v2\/media?parent=2001014"}],"wp:term":[{"taxonomy":"category","embeddable":true,"href":"https:\/\/www.elenacabrera.com\/weblog3\/wp-json\/wp\/v2\/categories?post=2001014"},{"taxonomy":"post_tag","embeddable":true,"href":"https:\/\/www.elenacabrera.com\/weblog3\/wp-json\/wp\/v2\/tags?post=2001014"}],"curies":[{"name":"wp","href":"https:\/\/api.w.org\/{rel}","templated":true}]}}