{"id":2001079,"date":"2009-09-06T23:59:14","date_gmt":"2009-09-06T22:59:14","guid":{"rendered":""},"modified":"2009-09-08T11:49:11","modified_gmt":"2009-09-08T10:49:11","slug":"florecen-de-noche","status":"publish","type":"post","link":"https:\/\/www.elenacabrera.com\/weblog3\/2009\/09\/06\/florecen-de-noche\/","title":{"rendered":"Florecen de noche"},"content":{"rendered":"<p><img loading=\"lazy\" decoding=\"async\" class=\"alignleft size-medium wp-image-1081\" title=\"Don diegos de noche\" src=\"http:\/\/www.elenacabrera.com\/weblog\/wp-content\/uploads\/2009\/09\/foto-8-300x225.jpg\" alt=\"Don diegos de noche\" width=\"300\" height=\"225\" \/>Estar donde estoy ahora mismo es un lujo. Es mi peque\u00f1o balc\u00f3n, tapizado con las flores del toldo que <a href=\"http:\/\/www.elenacabrera.com\/weblog\/update-de-verano\/\">al fin<\/a> consegu\u00ed que nos instalaran, acompa\u00f1ada por las jardineras y los <a href=\"http:\/\/fichas.infojardin.com\/perennes-anuales\/mirabilis-jalapa-dondiego-de-noche-galan-noche.htm\">Don Diegos<\/a> que plant\u00e9 en ellas, semillas de Soma\u00e9n y Valdemorillo que florecen s\u00f3lo de noche.<\/p>\n<p>Cuando un buen amigo vio nuestra casa dijo que le gustaban estos pisos que pueden ser atravesados en l\u00ednea recta. Desde donde estoy, cuando miro hacia el interior de la casa, veo al fondo, m\u00e1s all\u00e1 del sal\u00f3n y la cocina, como si fueran corredores venecianos, la ventana que da al otro lado, a la calle y, en el edificio de enfrente, a pocos metros, otra ventana. Pienso en un salto con jabalina y en <em><a href=\"http:\/\/www.manonwire.com\/\">Man on wire<\/a><\/em>. Pero la ventana de enfrente tiene la persiana bajada, y pertenece a un hospital. \u00bfQui\u00e9n querr\u00eda seguir pues atravesando la ciudad en l\u00ednea recta? Aqu\u00ed se est\u00e1 tan bien&#8230;<\/p>\n<p>He apagado las luces y s\u00f3lo est\u00e1 encendida la vela del farolillo. Ni siquiera es necesaria pues la luz de la pantalla lo ilumina todo, pero es c\u00e1lida y siempre calma. Abajo, entre los jardines, unos pasean los perros y otros caminan r\u00e1pido para llegar a casa y acabar de una vez por todas con la semana, se les nota la ansiedad, las prisas. Yo hoy no tengo prisa. Ni sue\u00f1o. Pero he pasado un mal d\u00eda: ansiosa y somnolienta. Con dolor de tripas, como siempre. Ha ca\u00eddo el cidine, la ranitidina, la simeticona. S\u00f3lo falt\u00f3 el almax, que no ha sido necesario. De golpe me pregunto una tonter\u00eda, si es que Alma X se llamaba as\u00ed por el Almax y ellos tambi\u00e9n ten\u00edan retortijones de electrolash. A estas alturas de la d\u00e9cada el electroclash irrita mucho el colon. Lo dice una que fue Perra.<\/p>\n<p><img loading=\"lazy\" decoding=\"async\" class=\"alignleft\" title=\"primera fila\" src=\"http:\/\/farm1.static.flickr.com\/29\/64727030_7007f3d3e0_m.jpg\" alt=\"\" width=\"240\" height=\"180\" \/>Igual lo del est\u00f3mago viene por las <a href=\"http:\/\/www.rtve.es\/deportes\/motogp\/\">carreras<\/a> de esta ma\u00f1ana, que fueron de infarto. O por el calor sofocante durante el d\u00eda y los viajes a la azotea para tender las lavadoras. En fin, no ha sido un d\u00eda muy bueno, pero este final es fant\u00e1stico.<\/p>\n<p>A partir de ma\u00f1ana comienzan los d\u00edas previos de la semana del <a href=\"http:\/\/www.elenacabrera.com\/oparadis.html\">concierto de \u00d4 Paradis<\/a>, as\u00ed que habr\u00e1 muchas cosas que hacer, sobre todo el seguir convenciendo a gente para que venga. Si t\u00fa has pensado venir, deber\u00edas traerte un amigo, te querr\u00e1 para siempre. Las entradas son muy baratas, cuestan ocho euros y se las puedes ir a comprar a Jorge en Rara Avis, a Amparo y Antonio en Diskpol o a Andr\u00e9s en Rotor. Las direcciones, para quien no las conozca, est\u00e1n <a href=\"http:\/\/www.elenacabrera.com\/oparadis.html\">aqu\u00ed<\/a> tambi\u00e9n. Cuando vayas, c\u00f3mprales alg\u00fan disco \u00bfno?, ya que est\u00e1s. As\u00ed hizo un chico con el que me he escrito por Last.fm y cuya identidad mantendremos en el anonimato a no ser que \u00e9l se manifieste. Se compr\u00f3 la entrada del concierto y luego diez veces m\u00e1s su precio en discos. \u00a1As\u00ed se hace!<\/p>\n<p>Hay gente que piensa que organizar un concierto es complicado, pero no lo es. Da mucho trabajo y preocupaciones. Hay muchos detalles que no descuidar. Genera estr\u00e9s porque piensas que podr\u00edas estar haci\u00e9ndolo mejor. Quiz\u00e1s deber\u00eda escribir un post con el esquema de lo que hay que hacer para montar uno, para quien se quiera animar. Lo m\u00e1s importante es que hay que contar con un dinero que no te importe perder. Los conciertos son una inexplicable ruleta rusa. Puede ser un sonoro pinchazo o un \u00e9xito y no lo sabes hasta el momento en el que empieza.<\/p>\n","protected":false},"excerpt":{"rendered":"<p>Estar donde estoy ahora mismo es un lujo. Es mi peque\u00f1o balc\u00f3n, tapizado con las flores del toldo que al fin consegu\u00ed que nos instalaran, acompa\u00f1ada por las jardineras y los Don Diegos que plant\u00e9 en ellas, semillas de Soma\u00e9n y Valdemorillo que florecen s\u00f3lo de noche. Cuando un buen amigo vio nuestra casa dijo [&hellip;]<\/p>\n","protected":false},"author":1,"featured_media":0,"comment_status":"open","ping_status":"open","sticky":false,"template":"","format":"standard","meta":{"footnotes":""},"categories":[],"tags":[],"class_list":["post-2001079","post","type-post","status-publish","format-standard","hentry"],"_links":{"self":[{"href":"https:\/\/www.elenacabrera.com\/weblog3\/wp-json\/wp\/v2\/posts\/2001079","targetHints":{"allow":["GET"]}}],"collection":[{"href":"https:\/\/www.elenacabrera.com\/weblog3\/wp-json\/wp\/v2\/posts"}],"about":[{"href":"https:\/\/www.elenacabrera.com\/weblog3\/wp-json\/wp\/v2\/types\/post"}],"author":[{"embeddable":true,"href":"https:\/\/www.elenacabrera.com\/weblog3\/wp-json\/wp\/v2\/users\/1"}],"replies":[{"embeddable":true,"href":"https:\/\/www.elenacabrera.com\/weblog3\/wp-json\/wp\/v2\/comments?post=2001079"}],"version-history":[{"count":0,"href":"https:\/\/www.elenacabrera.com\/weblog3\/wp-json\/wp\/v2\/posts\/2001079\/revisions"}],"wp:attachment":[{"href":"https:\/\/www.elenacabrera.com\/weblog3\/wp-json\/wp\/v2\/media?parent=2001079"}],"wp:term":[{"taxonomy":"category","embeddable":true,"href":"https:\/\/www.elenacabrera.com\/weblog3\/wp-json\/wp\/v2\/categories?post=2001079"},{"taxonomy":"post_tag","embeddable":true,"href":"https:\/\/www.elenacabrera.com\/weblog3\/wp-json\/wp\/v2\/tags?post=2001079"}],"curies":[{"name":"wp","href":"https:\/\/api.w.org\/{rel}","templated":true}]}}