{"id":200108,"date":"2009-01-08T18:50:57","date_gmt":"2009-01-08T16:50:57","guid":{"rendered":""},"modified":"2019-05-24T13:57:22","modified_gmt":"2019-05-24T11:57:22","slug":"chin-chin-adnes","status":"publish","type":"post","link":"https:\/\/www.elenacabrera.com\/weblog3\/2009\/01\/08\/chin-chin-adnes\/","title":{"rendered":"Chin-chin, ADN.es"},"content":{"rendered":"<p>Algunos links de utilidad sobre el cierre de <a href=\"http:\/\/www.adn.es\">ADN.es<\/a>, comunicado hoy:<\/p>\n<p>Nuestro ex compa\u00f1ero de Deportes, Miguel, <a href=\"http:\/\/lalibretadevangaal.blogspot.com\/2009\/01\/sobre-el-cierre-de-adnes.html\">en su blog La libreta de Van Gaal<\/a>.<\/p>\n<blockquote><p>En cualquier caso, al proyecto siempre le ha faltado una l\u00ednea clara, un horizonte, empresarial y editorial. Y, sobre todo, le ha faltado saber aprovechar a un estupendo equipo de profesionales infrautilizados. Esto es s\u00f3lo el inicio de una nueva oportunidad, compa\u00f1eros. Dejar\u00e1 de llover. Seguro.<\/p><\/blockquote>\n<p>Nacho Escolar <a href=\"http:\/\/www.escolar.net\/MT\/archives\/2009\/01\/adnes-cierra.html\">en Escolar.net<\/a> y <a href=\"http:\/\/twitter.com\/iescolar\/status\/1104335770\">en su Twitter<\/a>:<\/p>\n<blockquote><p>Una mala noticia: cierra ADN.es, uno de los proyectos digitales m\u00e1s interesantes del \u00faltimo a\u00f1o. (&#8230;) Termin\u00f3 el verano; el invierno ser\u00e1 duro.<\/p>\n<p><span class=\"entry-content\" style=\"display: block;\">Estoy jodido con lo del cierre de adn.es. No  es justo. <\/span><\/p><\/blockquote>\n<p>Chiqui Esteban <a href=\"http:\/\/twitter.com\/chiquiesteban\/statuses\/1104226972\">en Twitter<\/a>:<\/p>\n<blockquote><p><span class=\"entry-content\" style=\"display: block;\">No entiendo que cierre el d\u00e9cimo medio online en visitantes \u00fanicos y con m\u00e1s duraci\u00f3n media que los anteriores (excep to el mundo y marca)<\/span><\/p><\/blockquote>\n<p>Para los medios que escriban noticias sobre el cierre de <a href=\"http:\/\/www.adn.es\">ADN.es<\/a>, querr\u00eda recordarles que <a href=\"http:\/\/www.adn.es\">ADN.es<\/a> NO es la versi\u00f3n online del peri\u00f3dico gratuito ADN. Gracias.<\/p>\n<p>De aqu\u00ed a qu enos cierren, <a href=\"http:\/\/www.adn.es\">ADN.es<\/a> seguimos dando el callo. Sintonicen su navegador.<\/p>\n","protected":false},"excerpt":{"rendered":"<p>Algunos links de utilidad sobre el cierre de ADN.es, comunicado hoy: Nuestro ex compa\u00f1ero de Deportes, Miguel, en su blog La libreta de Van Gaal. En cualquier caso, al proyecto siempre le ha faltado una l\u00ednea clara, un horizonte, empresarial y editorial. Y, sobre todo, le ha faltado saber aprovechar a un estupendo equipo de [&hellip;]<\/p>\n","protected":false},"author":1,"featured_media":0,"comment_status":"open","ping_status":"open","sticky":false,"template":"","format":"standard","meta":{"footnotes":""},"categories":[2],"tags":[],"class_list":["post-200108","post","type-post","status-publish","format-standard","hentry","category-twentytwentyfive"],"_links":{"self":[{"href":"https:\/\/www.elenacabrera.com\/weblog3\/wp-json\/wp\/v2\/posts\/200108","targetHints":{"allow":["GET"]}}],"collection":[{"href":"https:\/\/www.elenacabrera.com\/weblog3\/wp-json\/wp\/v2\/posts"}],"about":[{"href":"https:\/\/www.elenacabrera.com\/weblog3\/wp-json\/wp\/v2\/types\/post"}],"author":[{"embeddable":true,"href":"https:\/\/www.elenacabrera.com\/weblog3\/wp-json\/wp\/v2\/users\/1"}],"replies":[{"embeddable":true,"href":"https:\/\/www.elenacabrera.com\/weblog3\/wp-json\/wp\/v2\/comments?post=200108"}],"version-history":[{"count":1,"href":"https:\/\/www.elenacabrera.com\/weblog3\/wp-json\/wp\/v2\/posts\/200108\/revisions"}],"predecessor-version":[{"id":2002002627,"href":"https:\/\/www.elenacabrera.com\/weblog3\/wp-json\/wp\/v2\/posts\/200108\/revisions\/2002002627"}],"wp:attachment":[{"href":"https:\/\/www.elenacabrera.com\/weblog3\/wp-json\/wp\/v2\/media?parent=200108"}],"wp:term":[{"taxonomy":"category","embeddable":true,"href":"https:\/\/www.elenacabrera.com\/weblog3\/wp-json\/wp\/v2\/categories?post=200108"},{"taxonomy":"post_tag","embeddable":true,"href":"https:\/\/www.elenacabrera.com\/weblog3\/wp-json\/wp\/v2\/tags?post=200108"}],"curies":[{"name":"wp","href":"https:\/\/api.w.org\/{rel}","templated":true}]}}