{"id":2001114,"date":"2009-09-10T22:06:44","date_gmt":"2009-09-10T20:06:44","guid":{"rendered":""},"modified":"2019-05-24T14:05:07","modified_gmt":"2019-05-24T12:05:07","slug":"veces-primeras","status":"publish","type":"post","link":"https:\/\/www.elenacabrera.com\/weblog3\/2009\/09\/10\/veces-primeras\/","title":{"rendered":"Veces primeras"},"content":{"rendered":"<p>Nos encontramos a 24 horas del concierto de \u00d4 Paradis y Escama Serrada en Madrid. Se trata del primer concierto que Alberto y yo montamos juntos y, como cualquier primera vez, siempre hay titubeos, sobreentenidos y malentendidos pero tambi\u00e9n nervios y emoci\u00f3n.<\/p>\n<p>Tambi\u00e9n ser\u00e1 mi primera vez viendo un concierto de \u00d4 Paradis. Alberto ha rescatado unas fotos de su primera vez, que tambi\u00e9n fue la primera de \u00d4 Paradis en Madrid cuando, adem\u00e1s de Demian, exist\u00eda otra componente en el grupo, Rosa.<\/p>\n<p><img loading=\"lazy\" decoding=\"async\" class=\"aligncenter\" title=\"\u00d4 Paradis en Al Laboratorio\" src=\"http:\/\/c2.ac-images.myspacecdn.com\/images02\/29\/l_73d321972b1142ed98a21295066ad5e1.jpg\" alt=\"\" width=\"600\" height=\"399\" \/><\/p>\n<p><img loading=\"lazy\" decoding=\"async\" class=\"aligncenter\" title=\"\u00d4 Paradis\" src=\"http:\/\/c4.ac-images.myspacecdn.com\/images02\/36\/l_503b9ec227654698a5905f6565796d93.jpg\" alt=\"\" width=\"468\" height=\"866\" \/><\/p>\n<p>Algunos de los viajeros ya han salido de Barcelona y recorren la pen\u00ednsula hacia el centro. Ahora pienso en eso y me resulta muy emocionante. Cuando la gente se mueve, se activa o emprende algo por iniciativa tuya sientes algo especial, como si hicieras fuerza para que el mundo gire del rev\u00e9s, y lo consiguieras un poquito.<\/p>\n<p>Tambi\u00e9n estoy emocionada porque los chicos de Adriano van a hacer un v\u00eddeo sobre \u00d4 Paradis para Lainformaci\u00f3n.com y estoy segura de que quedara precioso. Es un privilegio que dediquen un tiempo para hacerlo. Me gusta porque, pase lo que pase ma\u00f1ana, quedar\u00e1 una constancia real, una visi\u00f3n externa pero compartida. Y tambi\u00e9n para pase lo que pase pasado ma\u00f1ana. Porque a veces ya vivo como si no existiera pasado ma\u00f1ana.<\/p>\n<p>Hoy tenemos velatorio de ADN.es pero este es otro que me pierdo. No me da el cuerpo para m\u00e1s. Quiz\u00e1s me dar\u00eda, pero tengo miedo de romperme. Hace a\u00f1os pens\u00e9 que cualquier herida sanaba antes o despu\u00e9s. Ahora pienso que se quedan abiertas para siempre y se infectan y te cansan y te merman la fuerzas. El otro d\u00eda me dec\u00eda un amigo que ya se ha acostumbrado a que ning\u00fan d\u00eda se levante bien por la ma\u00f1ana, que siempre haya algo que duela o moleste. Bueno, haberse acostumbrado no est\u00e1 tan mal como remedio. Desde los 20 a\u00f1os soy consciente del envejecimiento. Es una mierda.Y, lo peor, \u00a1es que no s\u00e9 c\u00f3mo he acabado escribiendo sobre esto! Es lo que tiene escribir en el balc\u00f3n, empiezas a hablar como si no te oyera nadie, parapetada en el toldo (s\u00ed, no puedo parar de presumir de toldo) y en la oscuridad.<\/p>\n","protected":false},"excerpt":{"rendered":"<p>Nos encontramos a 24 horas del concierto de \u00d4 Paradis y Escama Serrada en Madrid. Se trata del primer concierto que Alberto y yo montamos juntos y, como cualquier primera vez, siempre hay titubeos, sobreentenidos y malentendidos pero tambi\u00e9n nervios y emoci\u00f3n. Tambi\u00e9n ser\u00e1 mi primera vez viendo un concierto de \u00d4 Paradis. Alberto ha [&hellip;]<\/p>\n","protected":false},"author":1,"featured_media":0,"comment_status":"open","ping_status":"open","sticky":false,"template":"","format":"standard","meta":{"footnotes":""},"categories":[],"tags":[],"class_list":["post-2001114","post","type-post","status-publish","format-standard","hentry"],"_links":{"self":[{"href":"https:\/\/www.elenacabrera.com\/weblog3\/wp-json\/wp\/v2\/posts\/2001114","targetHints":{"allow":["GET"]}}],"collection":[{"href":"https:\/\/www.elenacabrera.com\/weblog3\/wp-json\/wp\/v2\/posts"}],"about":[{"href":"https:\/\/www.elenacabrera.com\/weblog3\/wp-json\/wp\/v2\/types\/post"}],"author":[{"embeddable":true,"href":"https:\/\/www.elenacabrera.com\/weblog3\/wp-json\/wp\/v2\/users\/1"}],"replies":[{"embeddable":true,"href":"https:\/\/www.elenacabrera.com\/weblog3\/wp-json\/wp\/v2\/comments?post=2001114"}],"version-history":[{"count":1,"href":"https:\/\/www.elenacabrera.com\/weblog3\/wp-json\/wp\/v2\/posts\/2001114\/revisions"}],"predecessor-version":[{"id":2002002640,"href":"https:\/\/www.elenacabrera.com\/weblog3\/wp-json\/wp\/v2\/posts\/2001114\/revisions\/2002002640"}],"wp:attachment":[{"href":"https:\/\/www.elenacabrera.com\/weblog3\/wp-json\/wp\/v2\/media?parent=2001114"}],"wp:term":[{"taxonomy":"category","embeddable":true,"href":"https:\/\/www.elenacabrera.com\/weblog3\/wp-json\/wp\/v2\/categories?post=2001114"},{"taxonomy":"post_tag","embeddable":true,"href":"https:\/\/www.elenacabrera.com\/weblog3\/wp-json\/wp\/v2\/tags?post=2001114"}],"curies":[{"name":"wp","href":"https:\/\/api.w.org\/{rel}","templated":true}]}}