{"id":2001119,"date":"2009-09-14T17:46:29","date_gmt":"2009-09-14T16:46:29","guid":{"rendered":""},"modified":"2009-09-15T13:03:46","modified_gmt":"2009-09-15T12:03:46","slug":"las-nubes-que-mueren","status":"publish","type":"post","link":"https:\/\/www.elenacabrera.com\/weblog3\/2009\/09\/14\/las-nubes-que-mueren\/","title":{"rendered":"Las nubes que mueren"},"content":{"rendered":"<p>Ha pasado un intenso fin de semana junto a las personas que aceptaron viajar a Madrid para hacer realidad nuestro empe\u00f1o de un concierto de \u00d4 Paradis en nuestra ciudad. Hoy lunes ya no lo veo como una actuaci\u00f3n ni como un esfuerzo ni un montaje ni una promoci\u00f3n. En mi memoria m\u00e1s reciente se ha asentado como un fin de semana de amigos de visita y fiesta, viviendo de noche, la curiosidad por la vida ajena como permanente leit motiv de las charlas, con hermanamiento, baile, tensi\u00f3n y distensi\u00f3n cont\u00ednuas.<\/p>\n<p>Total: ha sido precioso. Gracias a Demian, Sergio, Oriol, Ram\u00f3n, Ulla, Vanessa y Nol y Jean-Charles de Nature Morte.<\/p>\n<p>Tambi\u00e9n quiero agradecer a todos los amigos y tambi\u00e9n a los desconocidos que vinieron al concierto de la Boite. Gracias por apoyar nuestras locuras y por disfrutar del concierto.<\/p>\n<p>Y tambi\u00e9n -esto parece un discurso de agradecimiento por alg\u00fan premio- a Adriano, Miguel y Markus de Lainformaci\u00f3n.com, que vinieron a grabar y s\u00e9 que est\u00e1n montando el reportaje con todo el cari\u00f1o del mundo. Me muero de ganas por verlo.<\/p>\n<p>Milord y Milady les reiteran a todos su m\u00e1s ferviente admiraci\u00f3n.<\/p>\n<p><a href=\"http:\/\/www.flickr.com\/photos\/elenac\/3912146790\/\" title=\"Escama Serrada por elenac, en Flickr\"><img loading=\"lazy\" decoding=\"async\" src=\"http:\/\/farm4.static.flickr.com\/3498\/3912146790_1ff7b0c31e.jpg\" width=\"500\" height=\"375\" alt=\"Escama Serrada\" \/><\/a><\/p>\n","protected":false},"excerpt":{"rendered":"<p>Ha pasado un intenso fin de semana junto a las personas que aceptaron viajar a Madrid para hacer realidad nuestro empe\u00f1o de un concierto de \u00d4 Paradis en nuestra ciudad. Hoy lunes ya no lo veo como una actuaci\u00f3n ni como un esfuerzo ni un montaje ni una promoci\u00f3n. En mi memoria m\u00e1s reciente se [&hellip;]<\/p>\n","protected":false},"author":1,"featured_media":0,"comment_status":"open","ping_status":"open","sticky":false,"template":"","format":"standard","meta":{"footnotes":""},"categories":[],"tags":[],"class_list":["post-2001119","post","type-post","status-publish","format-standard","hentry"],"_links":{"self":[{"href":"https:\/\/www.elenacabrera.com\/weblog3\/wp-json\/wp\/v2\/posts\/2001119","targetHints":{"allow":["GET"]}}],"collection":[{"href":"https:\/\/www.elenacabrera.com\/weblog3\/wp-json\/wp\/v2\/posts"}],"about":[{"href":"https:\/\/www.elenacabrera.com\/weblog3\/wp-json\/wp\/v2\/types\/post"}],"author":[{"embeddable":true,"href":"https:\/\/www.elenacabrera.com\/weblog3\/wp-json\/wp\/v2\/users\/1"}],"replies":[{"embeddable":true,"href":"https:\/\/www.elenacabrera.com\/weblog3\/wp-json\/wp\/v2\/comments?post=2001119"}],"version-history":[{"count":0,"href":"https:\/\/www.elenacabrera.com\/weblog3\/wp-json\/wp\/v2\/posts\/2001119\/revisions"}],"wp:attachment":[{"href":"https:\/\/www.elenacabrera.com\/weblog3\/wp-json\/wp\/v2\/media?parent=2001119"}],"wp:term":[{"taxonomy":"category","embeddable":true,"href":"https:\/\/www.elenacabrera.com\/weblog3\/wp-json\/wp\/v2\/categories?post=2001119"},{"taxonomy":"post_tag","embeddable":true,"href":"https:\/\/www.elenacabrera.com\/weblog3\/wp-json\/wp\/v2\/tags?post=2001119"}],"curies":[{"name":"wp","href":"https:\/\/api.w.org\/{rel}","templated":true}]}}