{"id":200114,"date":"2009-01-09T14:00:30","date_gmt":"2009-01-09T12:00:30","guid":{"rendered":""},"modified":"2019-05-24T13:57:12","modified_gmt":"2019-05-24T11:57:12","slug":"mas-solidaridad-con-chin-chin-adnes","status":"publish","type":"post","link":"https:\/\/www.elenacabrera.com\/weblog3\/2009\/01\/09\/mas-solidaridad-con-chin-chin-adnes\/","title":{"rendered":"M\u00e1s solidaridad con (chin-chin) ADN.es"},"content":{"rendered":"<blockquote>\n<h2>La <a href=\"http:\/\/www.apda.info\/\">APDA<\/a> (Asociaci\u00f3n de Profesionales de la Informaci\u00f3n Digital en Andaluc\u00eda) critica el cierre de ADN.es y se solidariza con sus periodistas<\/h2>\n<p>La editorial Planeta ha comunicado hoy oficialmente al Comit\u00e9 de Empresa de ADN.es que ha decidido cerrar este medio de comunicaci\u00f3n.<\/p>\n<p>El proyecto de <a href=\"http:\/\/www.adn.es\/\" target=\"_blank\" rel=\"noopener noreferrer\">ADN.es<\/a> naci\u00f3 en julio de 2007 bajo la direcci\u00f3n de Juan Varela y ahora est\u00e1 liderado por N\u00faria Padr\u00f3s. La web tiene 1.300.000 usuarios \u00fanicos seg\u00fan el \u00faltimo informe de OJD.<\/p>\n<p>La plantilla est\u00e1 integrada por unos cuarenta profesionales y \u00abno entiende la decisi\u00f3n de la compa\u00f1\u00eda\u00bb ya que seg\u00fan fuentes del equipo \u00abel proyecto se encontraba en crecimiento constante y era el segundo diario en la lista con los lectores m\u00e1s fieles, a tenor del tiempo de permanencia de cada lector (7&#8217;13\u00bb)\u00bb.<\/p>\n<p>La APDA exige que la empresa, en una pertinente y necesaria actitud de transparencia, aclare los justos t\u00e9rminos por los que ha tomado esta dram\u00e1tica decisi\u00f3n y defiende una negociaci\u00f3n a la alta de las indemnizaciones de los periodistas de ADN.es<\/p>\n<p>Los profesionales que integramos la APDA hacemos p\u00fablico nuestro cari\u00f1o, solidaridad y reconocimiento hacia el trabajo de este medio y de sus periodistas.<\/p>\n<p><a href=\"http:\/\/www.elenacabrera.com\/weblog\/wp-content\/uploads\/2009\/01\/imagen-1.png\"><img loading=\"lazy\" decoding=\"async\" class=\"aligncenter size-full wp-image-115\" title=\"APDA\" src=\"http:\/\/www.elenacabrera.com\/weblog\/wp-content\/uploads\/2009\/01\/imagen-1.png\" alt=\"\" width=\"495\" height=\"76\" \/><\/a><\/p><\/blockquote>\n","protected":false},"excerpt":{"rendered":"<p>La APDA (Asociaci\u00f3n de Profesionales de la Informaci\u00f3n Digital en Andaluc\u00eda) critica el cierre de ADN.es y se solidariza con sus periodistas La editorial Planeta ha comunicado hoy oficialmente al Comit\u00e9 de Empresa de ADN.es que ha decidido cerrar este medio de comunicaci\u00f3n. El proyecto de ADN.es naci\u00f3 en julio de 2007 bajo la direcci\u00f3n [&hellip;]<\/p>\n","protected":false},"author":1,"featured_media":0,"comment_status":"open","ping_status":"open","sticky":false,"template":"","format":"standard","meta":{"footnotes":""},"categories":[2],"tags":[],"class_list":["post-200114","post","type-post","status-publish","format-standard","hentry","category-twentytwentyfive"],"_links":{"self":[{"href":"https:\/\/www.elenacabrera.com\/weblog3\/wp-json\/wp\/v2\/posts\/200114","targetHints":{"allow":["GET"]}}],"collection":[{"href":"https:\/\/www.elenacabrera.com\/weblog3\/wp-json\/wp\/v2\/posts"}],"about":[{"href":"https:\/\/www.elenacabrera.com\/weblog3\/wp-json\/wp\/v2\/types\/post"}],"author":[{"embeddable":true,"href":"https:\/\/www.elenacabrera.com\/weblog3\/wp-json\/wp\/v2\/users\/1"}],"replies":[{"embeddable":true,"href":"https:\/\/www.elenacabrera.com\/weblog3\/wp-json\/wp\/v2\/comments?post=200114"}],"version-history":[{"count":1,"href":"https:\/\/www.elenacabrera.com\/weblog3\/wp-json\/wp\/v2\/posts\/200114\/revisions"}],"predecessor-version":[{"id":2002002626,"href":"https:\/\/www.elenacabrera.com\/weblog3\/wp-json\/wp\/v2\/posts\/200114\/revisions\/2002002626"}],"wp:attachment":[{"href":"https:\/\/www.elenacabrera.com\/weblog3\/wp-json\/wp\/v2\/media?parent=200114"}],"wp:term":[{"taxonomy":"category","embeddable":true,"href":"https:\/\/www.elenacabrera.com\/weblog3\/wp-json\/wp\/v2\/categories?post=200114"},{"taxonomy":"post_tag","embeddable":true,"href":"https:\/\/www.elenacabrera.com\/weblog3\/wp-json\/wp\/v2\/tags?post=200114"}],"curies":[{"name":"wp","href":"https:\/\/api.w.org\/{rel}","templated":true}]}}