{"id":200121,"date":"2009-01-09T14:45:53","date_gmt":"2009-01-09T12:45:53","guid":{"rendered":""},"modified":"2019-05-25T20:35:10","modified_gmt":"2019-05-25T18:35:10","slug":"lo-que-dicen-los-medios-sobre-el-chin-chin-de-adnes","status":"publish","type":"post","link":"https:\/\/www.elenacabrera.com\/weblog3\/2009\/01\/09\/lo-que-dicen-los-medios-sobre-el-chin-chin-de-adnes\/","title":{"rendered":"Lo que dicen los medios y los blogs sobre el chin-chin de ADN.es"},"content":{"rendered":"<p>Planeta cierra ADN.es a causa de la crisis. <a href=\"http:\/\/www.elperiodico.com\/default.asp?idpublicacio_PK=46&amp;idioma=CAS&amp;idnoticia_PK=576808&amp;idseccio_PK=1009\">El Peri\u00f3dico de Catalunya<\/a>.<\/p>\n<p>ADN.es, la sangr\u00eda que no cesa. <a href=\"http:\/\/www.gentedigital.es\/en-la-red\/noticia\/19765\/adnes-la-sangria-que-no-cesa\/\">Gente digital<\/a>.<\/p>\n<p>Planeta cierra la edici\u00f3n digital del diario gratuito ADN. <a href=\"http:\/\/www.elpais.com\/articulo\/sociedad\/Planeta\/cierra\/edicion\/digital\/diario\/gratuito\/ADN\/elpepusoc\/20090109elpepisoc_6\/Tes\">El Pa\u00eds<\/a>. (El Pa\u00eds no se ha enterado, despu\u00e9s de un a\u00f1o y medio, de que ADN.es es un medio digital, no la edici\u00f3n digital del gratuito).<\/p>\n<p>El Grupo Planeta acuerda el cierre del diario digital ADN.es. <a href=\"http:\/\/www.rtve.es\/noticias\/20090108\/grupo-planeta-cierra-diario-digital-adnes\/217227.shtml\">RTVE.es<\/a><\/p>\n<p><a href=\"http:\/\/ecodiario.eleconomista.es\/telecomunicaciones-tecnologia\/noticias\/957832\/01\/09\/El-Grupo-Planeta-cierra-ADNes.html\">El Grupo Planeta cierra ADN.es<\/a> y <a href=\"http:\/\/ecodiario.eleconomista.es\/sociedad\/noticias\/958740\/01\/09\/Planeta-cierra-la-edicion-digital-del-diario-ADN-debido-a-la-actual-coyuntura-economica-.html\">Planeta cierra ADN.es debido a la actual \u00abcoyuntura econ\u00f3mica\u00bb<\/a> y <a href=\"http:\/\/ecodiario.eleconomista.es\/espana\/noticias\/960344\/01\/09\/La-FAPE-toma-nota-del-cierre-de-ADNes-.html\">La FAPE toma nota del cierre de ADN.es<\/a>. EcoDiario de El Economista.<\/p>\n<blockquote><p>Seg\u00fan fuentes consultadas por <em>EcoDiario.es<\/em> <strong>en el plan de negocio de la compa\u00f1\u00eda se pretend\u00eda conseguir cerca de dos millones de usuarios \u00fanicos el primer a\u00f1o y a estas alturas estar cerca de lograr el <em>break even<\/em><\/strong>.<\/p>\n<p>(&#8230;)<\/p>\n<p>La plantilla, integrada por unos cuarenta profesionales no entiende la decisi\u00f3n de la compa\u00f1\u00eda, ya que seg\u00fan fuentes de la plantilla consultadas por <em>EcoDiario.es<\/em> \u00ab<strong>el proyecto se encontraba en crecimiento constante<\/strong> y era el segundo diario en la lista con los lectores m\u00e1s fieles, a tenor del tiempo de permanencia de cada lector (7&#8217;13\u00bb)\u00bb.<\/p><\/blockquote>\n<p>Cierra ADN.es, \u00bfaguantar\u00e1n los gratuitos de papel? <a href=\"http:\/\/www.soitu.es\/soitu\/2009\/01\/08\/actualidad\/1231436756_562642.html\">Soitu<\/a>.<\/p>\n<p>Planeta cierra su peri\u00f3dico digital ADN.es. <a href=\"http:\/\/www.elconfidencial.com\/cache\/2009\/01\/08\/comunicacion_61_planeta_cierra_periodico_digital_adnes.html\">El Confidencial<\/a>.<\/p>\n<blockquote><p><span style=\"font-size: 10pt; font-family: Arial;\">Seg\u00fan los \u00faltimos datos de OJD, la cabecera ADN.es cuenta con 1.316.498 usuarios \u00fanicos, registro muy superior al que tiene la propia edici\u00f3n <em>online<\/em> de <em>La Razon<\/em>, la cabecera de referencia de Planeta, que cuenta con 514.123. A pesar de estos n\u00fameros,\u00a0el grupo multimedia catal\u00e1n\u00a0ha decidido no darse m\u00e1s tiempo para rentabilizar el proyecto. La crisis tambi\u00e9n aprieta en internet.<\/span><\/p><\/blockquote>\n<p>ADN.es cierra. <a href=\"http:\/\/www.alzado.org\/articulo.php?id_art=763\">Alzado.org<\/a><\/p>\n<blockquote><p>\u00bfQu\u00e9 era antes [ADN.es]? \u00bfEra algo m\u00e1s [un mero volcado de la edici\u00f3n papel]?, si lo era, \u00bfqui\u00e9n se daba cuenta? Por otro lado, \u00bfuna web con 1.3 millones de usuarios \u00fanicos no es rentable?, con 40 personas en plantilla evidentemente no.<\/p><\/blockquote>\n<p>Planeta cierra la edici\u00f3n digital del diario ADN. <a href=\"http:\/\/www.europapress.es\/tecnologia\/internet-00446\/noticia-planeta-cierra-edicion-digital-diario-adn-20090108180253.html\">Europa Press<\/a> (otros como El Pa\u00eds).<\/p>\n<p>Cierran la versi\u00f3n digital del peri\u00f3dico ADN. <a href=\"http:\/\/www.lavozdeasturias.es\/noticias\/noticia.asp?pkid=468267\">La Voz de Asturias<\/a> (mal).<\/p>\n<p>ADN.es cierra. <a href=\"http:\/\/periodistas21.blogspot.com\/2009\/01\/adnes-cierra.html\">Periodistas 21, el blog de Juan Varela<\/a>, el primer director de ADN.es.<\/p>\n<p>ADN.es: Los n\u00fameros no mienten, pero tampoco dicen la verdad. <a href=\"http:\/\/www.filmica.com\/audiencias\/archivos\/008873.html\">Audiencias<\/a>. <span style=\"color: #cc99ff;\">OJO AL DEBATE EN LOS COMENTARIOS<\/span><\/p>\n<p>Becarios de la informaci\u00f3n. <a href=\"http:\/\/seretuaccidente.blogspot.com\/2009\/01\/becarios-de-la-informacin.html\">Ser\u00e9 tu accidente<\/a>.<\/p>\n<p>Lo que Planeta ha decidido cerrar. <a href=\"http:\/\/www.soitu.es\/participacion\/2009\/01\/09\/u\/jmnoguera_1231506186.html\">Soitu.es<\/a><\/p>\n<blockquote><p>\u00abSeguramente nadie le ha explicado a Planeta que cerrando el medio est\u00e1 dando un portazo a cosas como:<\/p>\n<p>1. Los multimedia de Beriain y Caro para contactar con los talibanes de Bagdhis.<br \/>\n2. La exclusiva conseguida al estar \u00ab10 d\u00edas con las FARC\u00bb.<br \/>\n3. El experimento con Qik para retransmitir el primer trayecto del AVE.<br \/>\n4. O su cobertura colectiva de las elecciones con Twitter.<\/p>\n<p>Y otras iniciativas novedosas que no recuerdo ahora, junto con algunas que estaban a punto de salir. \u00ab<\/p><\/blockquote>\n<p>Planeta echa el cierre de la edici\u00f3n digital de ADN. <a href=\"http:\/\/www.abc.es\/20090108\/nacional-sociedad\/planeta-echa-cierre-edicion-200901081536.html\">ABC<\/a>.<\/p>\n<p>Planeta decide cerrar de forma inesperada ADN.es. <a href=\"http:\/\/www.elmundo.es\/elmundo\/2009\/01\/08\/comunicacion\/1231419878.html\">El Mundo<\/a>.<\/p>\n<p>Planeta cierra la versi\u00f3n online del diario gratuito ADN. <a href=\"http:\/\/www.gurusblog.com\/archives\/planeta-cierra-la-version-online-del-diario-gratuito-adn\/09\/01\/2009\/\">GurusBlog<\/a>.<\/p>\n<blockquote><p>Nuevamente el Grupo Planeta, presidido por Jos\u00e9 Manuel Lara, mantiene su err\u00e1tica pol\u00edtica de inversiones en medios de comunicaci\u00f3n ( sus participaciones antag\u00f3nicas en La Raz\u00f3n y el Diari Avui son un buen ejemplo) e internet, donde parece no encontrar su espacio propio y estar anclado en sus tradicionales productos estrella de toda la vida como son la venta puerta a puerta de grandes obras y enciclopedias, o la venta de fasc\u00edculos en quioscos, ambos negocios en franco retroceso como muestra el contin\u00fao declive en sus ventas y los cont\u00ednuos despidos (no publicados en prensa) que se est\u00e1n produciendo desde hace meses en los diferentes sellos de la Editorial.<\/p><\/blockquote>\n<p>Cierra el diario digital ADN.es. <a href=\"http:\/\/www.radiocable.com\/cierra-adn985.html\">Radiocable<\/a>.<\/p>\n<blockquote><p>Planeta ha optado por afrontar la crisis cerrando la versi\u00f3n digital y manteniendo la impresa. En Internet muchos <a href=\"http:\/\/www.233grados.com\/blog\/2009\/01\/cierra-adnes.html\" target=\"_blank\" rel=\"noopener noreferrer\">an\u00e1lisis<\/a> y <a href=\"http:\/\/twitter.com\/adelgado\/status\/1104270915\" target=\"_blank\" rel=\"noopener noreferrer\">comentarios<\/a> critican este enfoque -contrario al que est\u00e1n siguiendo algunos <a href=\"http:\/\/www.elpais.com\/articulo\/sociedad\/diario\/referencia\/EE\/UU\/pasa\/Internet\/elpepusoc\/20081030elpepisoc_6\/Tes\" target=\"_blank\" rel=\"noopener noreferrer\">medios en EEUU cerrando ediciones<\/a> en papel para apostar por las on line-.<\/p><\/blockquote>\n<p>ADN.es baja el tel\u00f3n con una plantilla de 40 personas. <a href=\"http:\/\/www.prnoticias.es\/content\/view\/10025610\/227\/\">PRNoticias<\/a>.<\/p>\n<blockquote><p>La p\u00e1gina naci\u00f3 en julio de 2007, como uno de los grandes proyectos multimedia del <strong>Grupo<\/strong>, no obstante y a pesar de sus actuales 1,3 millones de usuarios \u00fanicos, la empresa ha decidido que la p\u00e1gina web no puede seguir lastrando en proyecto gratuito en papel dirigido por <strong>Albert Montangut.<\/strong><\/p><\/blockquote>\n<p>La blogosfera sobre el cierre de de ADN.es. <a href=\"http:\/\/www.ecuaderno.com\/2009\/01\/09\/la-blogosfera-sobre-el-cierre-de-adnes\/\">Ecuaderno.com<\/a>.<\/p>\n<p>Despidos y cierres de medios. <a href=\"http:\/\/comunisfera.blogspot.com\/2009\/01\/despidos-y-cierres-de-medios.html\">Comunisfera<\/a>.<\/p>\n<p>Incomprensible. <a href=\"http:\/\/lahuelladigital.blogspot.com\/2009\/01\/incomprensible.html\">La Huella Digital<\/a>.<\/p>\n<blockquote><p>una de las webs informativas espa\u00f1olas m\u00e1s innovadoras de los \u00faltimos tiempos (&#8230;) Lo que en Estados Unidos ser\u00eda un caramelo para cualquier inversor con vistas de futuro, en Espa\u00f1a ha sido cerrado a cal y canto con la explicaci\u00f3n de la potente crisis temporal que estamos viviendo con especial crudeza en el periodismo profesional.<\/p>\n<p>\u00bfPor qu\u00e9 narices apuesta el capitalismo salvaje que desde hace a\u00f1os se ha instalado en muchos medios de comunicaci\u00f3n? \u00bfPor la calidad informativa y la influencia en la opini\u00f3n p\u00fablica, o bien por el dinero r\u00e1pido y contante y sonante? Si es por esto \u00faltimo, pocas luces emiten esos empresarios que a\u00fan no han entendido que esto de la comunicaci\u00f3n requiere a\u00f1os de asentamiento, de lucha y duro trabajo por hacerse con la audiencia y de esfuerzo en todas las capas jer\u00e1rquicas de la empresa por hacer que su marca informativa sea una referencia a medio-largo plazo. El que no lo entienda as\u00ed, el que no sepa que la clave de todo esto es la credibilidad y la fidelidad hacia tu p\u00fablico simplemente es que no ha entendido nada.<\/p><\/blockquote>\n<p>Voladura controlada. <a href=\"http:\/\/paperpapers.blogspot.com\/2009\/01\/voladura-controlada-de-los-gratuitos-en.html\">Paper Papers<\/a>.<\/p>\n<blockquote><p>Cerrar\u00e1n todo, tambi\u00e9n el papel. Ya ver\u00e1n. Planeta<a href=\"http:\/\/www.hablarmierda.net\/comunidad\/index.php?topic=888.0\"> abri\u00f3 en Colombia<\/a> ADN papel el pasado 15 de septiembre de la mano de <a style=\"font-style: italic;\" href=\"http:\/\/publicidad.eltiempo.com\/offline\/index.php\">Casa Editorial El Tiempo,<\/a><\/p><\/blockquote>\n<p>El debate en torno al cierre de ADN.es. <a href=\"http:\/\/www.tiemposrevueltos.com\/2009\/01\/la-polmica-en-torno-al-cierre-de-adnes.html\">Tiempos Revueltos<\/a>.<\/p>\n<blockquote><p>El anunciado cierre de <a href=\"http:\/\/www.blogger.com\/www.adn.es\">ADN.es<\/a> ha causado conmoci\u00f3n en la Red y ha motivado el env\u00edo, en las \u00faltimas 48 horas, de cientos y cientos de emails de apoyo a los profesionales que lanzaron este diario online. Como expliqu\u00e9 en un post anterior, esta redacci\u00f3n reun\u00eda una importante colecci\u00f3n de profesionales j\u00f3venes de enorme talento (entre ellos algunos muy buenos amigos). Todos estamos un poco afectados y desear\u00edamos que no hubiera sucedido.<br \/>\nPero esta mal\u00edsima noticia tambi\u00e9n ha servido para generar un sano debate en torno a la publicidad online y a si el modelo de negocio de ADN.es pod\u00eda ser rentable alg\u00fan d\u00eda o no.<\/p>\n<p>(&#8230;)<\/p>\n<p>En lo que ambos parecen coincidir, tanto Adri\u00e1n como Juan, es en que el Grupo Planeta nunca ha tenido una estrategia coherente en Internet.<\/p><\/blockquote>\n<p>El cierre de ADN.es y la (inexistente) estrategia de Planeta en internet. <a href=\"http:\/\/www.planetamedia.com\/2009\/01\/el-cierre-de-adnes-y-la-inexistente.html\">Planetamedia<\/a>.<\/p>\n<blockquote><p>Quiz\u00e1 ADN.es ten\u00eda que ser cerrado, o al menos haber sufrido recortes. <span style=\"font-weight: bold;\">Pero si es as\u00ed, antes ten\u00eda que haber ca\u00eddo el papel. <\/span>Y el fallo no es de los que trabajaron en lanzar ADN.es o en los que lo manten\u00edan, sino <span style=\"font-weight: bold;\">en el absoluto desconocimiento que de este mercado tienen los responsables de Planeta.<\/span> L\u00e1stima que al final siempre paguen el pato los mismos.<\/p><\/blockquote>\n<p>El cierre de ADN.es. <a href=\"http:\/\/gallir.wordpress.com\/2009\/01\/08\/el-cierre-de-adnes\/\">Ricardo Galli<\/a>.<\/p>\n<blockquote><p>no entiendo que un gigante como Planeta, que hace un a\u00f1o atr\u00e1s parec\u00eda querer posicionarse como l\u00edder en Internet, haya tenido tan poca vista de cerrar uno de sus pocos sitios que gener\u00f3 inter\u00e9s. No ser\u00e1 por falta de dinero, han tirado mucho m\u00e1s dinero en el <em>coup d\u2019estat<\/em> en Vueling (cuando actualmente la aviaci\u00f3n comercial es un negocio mucho m\u00e1s costoso y de alto riesgo).<\/p>\n<p>(&#8230;)<\/p>\n<p>Como est\u00e1 claro que los gigantes son los primeros en replegarse cuando pintan malas, s\u00f3lo nos queda hacerlo entre enanos<\/p><\/blockquote>\n<h2>Reacciones al cierre:<\/h2>\n<p><a href=\"http:\/\/es-la.facebook.com\/group.php?gid=57673676504&amp;ref=nf\">Grupo de Facebook No al cierre de ADN.es<\/a><\/p>\n<p><a href=\"http:\/\/twitter.com\/noalcierredeadn\">Twitter No al cierre de ADN.es<\/a><\/p>\n<p>Estas iniciativas son externas a la redacci\u00f3n de ADN.es.<\/p>\n","protected":false},"excerpt":{"rendered":"<p>Planeta cierra ADN.es a causa de la crisis. El Peri\u00f3dico de Catalunya. ADN.es, la sangr\u00eda que no cesa. Gente digital. Planeta cierra la edici\u00f3n digital del diario gratuito ADN. El Pa\u00eds. (El Pa\u00eds no se ha enterado, despu\u00e9s de un a\u00f1o y medio, de que ADN.es es un medio digital, no la edici\u00f3n digital del [&hellip;]<\/p>\n","protected":false},"author":1,"featured_media":0,"comment_status":"open","ping_status":"open","sticky":false,"template":"","format":"standard","meta":{"footnotes":""},"categories":[2],"tags":[],"class_list":["post-200121","post","type-post","status-publish","format-standard","hentry","category-twentytwentyfive"],"_links":{"self":[{"href":"https:\/\/www.elenacabrera.com\/weblog3\/wp-json\/wp\/v2\/posts\/200121","targetHints":{"allow":["GET"]}}],"collection":[{"href":"https:\/\/www.elenacabrera.com\/weblog3\/wp-json\/wp\/v2\/posts"}],"about":[{"href":"https:\/\/www.elenacabrera.com\/weblog3\/wp-json\/wp\/v2\/types\/post"}],"author":[{"embeddable":true,"href":"https:\/\/www.elenacabrera.com\/weblog3\/wp-json\/wp\/v2\/users\/1"}],"replies":[{"embeddable":true,"href":"https:\/\/www.elenacabrera.com\/weblog3\/wp-json\/wp\/v2\/comments?post=200121"}],"version-history":[{"count":2,"href":"https:\/\/www.elenacabrera.com\/weblog3\/wp-json\/wp\/v2\/posts\/200121\/revisions"}],"predecessor-version":[{"id":2002002698,"href":"https:\/\/www.elenacabrera.com\/weblog3\/wp-json\/wp\/v2\/posts\/200121\/revisions\/2002002698"}],"wp:attachment":[{"href":"https:\/\/www.elenacabrera.com\/weblog3\/wp-json\/wp\/v2\/media?parent=200121"}],"wp:term":[{"taxonomy":"category","embeddable":true,"href":"https:\/\/www.elenacabrera.com\/weblog3\/wp-json\/wp\/v2\/categories?post=200121"},{"taxonomy":"post_tag","embeddable":true,"href":"https:\/\/www.elenacabrera.com\/weblog3\/wp-json\/wp\/v2\/tags?post=200121"}],"curies":[{"name":"wp","href":"https:\/\/api.w.org\/{rel}","templated":true}]}}