{"id":2001212,"date":"2009-10-28T18:41:18","date_gmt":"2009-10-28T17:41:18","guid":{"rendered":""},"modified":"2016-08-31T12:28:16","modified_gmt":"2016-08-31T12:28:16","slug":"funerales-periodicos","status":"publish","type":"post","link":"https:\/\/www.elenacabrera.com\/weblog3\/2009\/10\/28\/funerales-periodicos\/","title":{"rendered":"Funerales peri\u00f3dicos"},"content":{"rendered":"<p>Ayer no tuve oportunidad de escribir, por lo que no pude quejarme online del <a href=\"http:\/\/www.soitu.es\/soitu\/2009\/10\/27\/actualidad\/1256642105_453965.html\">cierre de Soitu.es<\/a> que ya en la noche, y al pasar las horas transcurridas, todav\u00eda me resist\u00eda a creer.<\/p>\n<p>Por supuesto, me parec\u00eda un d\u00e9j\u00e0 vu de mal gusto, en el que cada cierto tiempo se calla un medio de comunicaci\u00f3n y lectores y periodistas nos quedamos tirados, incapacitados para hacer nada salvo protestar, pero por mucho que gritemos, ni siquiera llevando la raz\u00f3n, conseguimos revertir la situaci\u00f3n.<br \/>\nCuando un inversor se impacienta y, guiado por el miedo, busca un lugar seguro donde ganar dinero f\u00e1cil para que sus accionistas no se quejen, muchas personas se quedan en el paro y muchos sue\u00f1os son aniquilados. Cuando la empresa que ve c\u00f3mo su mecenas, su prestamista, su due\u00f1o huye despavorido como rata hacia un sol que caliente m\u00e1s, es un medio de comunicaci\u00f3n, el efecto es a\u00fan peor, pues hay que sumar a la lista de damnificados a un mill\u00f3n y medio (en el caso de Soitu.es) de personas que tambi\u00e9n se quedan en la calle. Esas personas no son clientes, como suceder\u00eda en otra empresa, sino que son lectores o, en t\u00e9rminos de interactividad, usuarios. Un lector con un medio de comunicaci\u00f3n menos que leer es un lector que ve mermada la pluralidad informativa, es una persona que pierde a su interlocutor, es un usuario abandonado y un poco m\u00e1s aislado.<\/p>\n<p>Las empresas que invierten en un medio de comunicaci\u00f3n, como es el caso de BBVA en Soitu.es (cuya retirada ha provocado el cierre del medio) deber\u00edan estar sujetos a una responsabilidad financiera-social, pues no es lo mismo invertir en una cadena de helader\u00edas que en un medio de comunicaci\u00f3n, cosa que a Planeta le dio igual cuando cambio su estrategia en internet con <a href=\"http:\/\/www.hastaotra.com\">el cierre de ADN.es<\/a> y a BBVA al abandonar el medio digital dirigido por Gumersindo Lafuente.<\/p>\n<p>Muy aportuno ha sido conocer, el mismo d\u00eda que el medio anuncia su desaparici\u00f3n, las cifras de beneficios de BBVA en los nueve primeros meses de 2009, <a href=\"http:\/\/prensa.bbva.com\/actualidad\/notas-de-prensa\/espana\/presentacion-resultados-3t-2009(9882-22-101-c-45415).html\">que fueron de 4.179 millones de euros<\/a>. No s\u00e9 si es de muy mal gusto o una afortunada coincidencia que nos permite valorar mejor a los bancos.<\/p>\n<p>La primera vez que supe que iba a existir Soitu.es me lo sopl\u00f3 en La Ardosa <a href=\"http:\/\/nopodemosmas02.blogspot.com\/2009\/11\/soitues.html\">uno de los art\u00edfices de la campa\u00f1a de lanzamiento<\/a>, la cual me encant\u00f3. Me dijo que era secreto, pero que era un secreto a voces. El nombre me pareci\u00f3 horrible y me cost\u00f3 mucho acostumbrarme a \u00e9l. Al final, ya me parec\u00eda de lo m\u00e1s normal. Mientras trabajaba en ADN.es los ve\u00eda como nuestra competencia m\u00e1s directa, por lo que les espiaba y les sacaba los dientes. Cuando nos despidieron, ese fue el primer sitio al que escrib\u00ed pidiendo trabajo. (Como todos los sitios a los que he llamado, su respuesta fue el silencio, pero esa es otra historia).<\/p>\n<p>Ayer la redacci\u00f3n de Soitu se baj\u00f3 a un bar de la calle Cochabamba, donde est\u00e1n situados. Imagino que ser\u00eda \u00abel bar de abajo\u00bb. Y all\u00ed, entre alcohol y sentimientos encontrados celebraron el funeral. Hace poco vi en la filmoteca Deadline USA. Humprey Bogart es el director de un peri\u00f3dico que van a vender a la competencia para ser cerrado. Su peri\u00f3dico es serio, de investigaci\u00f3n, mientras que su competencia, que vende m\u00e1s y es m\u00e1s rentable es, por supuesto, un tabloide sensacionalista. El d\u00eda que la redacci\u00f3n conoce la noticia se van al bar de abajo, para emborracharse mucho y celebrar el funeral, con velas y todo, como se ve en la foto. As\u00ed hicimos, tambi\u00e9n, en ADN.es. Supongo que as\u00ed habr\u00e1 pasado tambi\u00e9n cuando cerraron Diario 16, Ya, Metro, Claro o El Sol. Todos al bar de abajo.<\/p>\n<p style=\"text-align: center;\"><img loading=\"lazy\" decoding=\"async\" class=\"aligncenter\" src=\"http:\/\/www.sitcomsonline.com\/photopost\/data\/1803\/Deadline_USA_2.jpg\" alt=\"\" width=\"512\" height=\"384\" \/><\/p>\n<p>Periodismo digital no es digitalizar peri\u00f3dicos. Pero todav\u00eda no est\u00e1 tan claro c\u00f3mo hay que hacerlo. A pesar de que <a href=\"http:\/\/www.ramonlobo.com\/2009\/09\/15\/internet-no-huele-a-calle\/\">Ram\u00f3n Lobo dijo que internet no huele a calle<\/a>, Gumersindo <a href=\"http:\/\/periodismoalpilpil.blogspot.com\/2009\/10\/la-tertulia-de-los-1001-medios-1x02-la.html\">dijo que la Red es la calle<\/a>.<\/p>\n<p>Me duele el cierre de Soitu y me asusta ver que el periodismo digital se vuelve a reducir a los de siempre. Que hay otros 23 periodistas digitales en la calle. Que El Selector ya no me dar\u00e1 los enlaces a temas geniales que no habr\u00eda le\u00eddo si no fuera por \u00e9l. Que quedan menos sitios donde leer y escribir art\u00edculos como <a href=\"http:\/\/www.soitu.es\/soitu\/2009\/10\/23\/flts12\/1256297571_106233.html\">este<\/a>. En verdad nunca fui gran fan de la jerarqu\u00eda temporal (a lo blog) por lo que casi siempre he le\u00eddo Soitu directamente en los art\u00edculos linkados aqu\u00ed y all\u00e1 y no tanto desde su portada. A veces, cuando le\u00eda uno muy bueno, me creaba ansiedad el pensar en cu\u00e1ntos otros muy buenos podr\u00eda haberme perdido tambi\u00e9n. Ahora la ansiedad es por todo lo que podr\u00eda haberse escrito y jam\u00e1s se har\u00e1. Una selecci\u00f3n de temas favoritos de Soitu.es es lo que ocupa ahora su <a href=\"http:\/\/www.soitu.es\">homepage<\/a>.<\/p>\n<p>Aqu\u00ed os dejo con un v\u00eddeo de los <a href=\"http:\/\/sinfuturoysinunduro.com\/\">Sin futuro y sin un duro<\/a> desde el velatorio:<\/p>\n<p style=\"text-align: center;\"><object data=\"http:\/\/www.youtube.com\/v\/iLeS3K8Jieo&amp;hl=es&amp;fs=1&amp;\" type=\"application\/x-shockwave-flash\" width=\"480\" height=\"295\"><param name=\"allowFullScreen\" value=\"true\" \/><param name=\"allowscriptaccess\" value=\"always\" \/><param name=\"src\" value=\"http:\/\/www.youtube.com\/v\/iLeS3K8Jieo&amp;hl=es&amp;fs=1&amp;\" \/><param name=\"allowfullscreen\" value=\"true\" \/><\/object><\/p>\n<p>Leed tambi\u00e9n el post de <a href=\"http:\/\/www.enriquemeneses.com\/2009\/10\/30\/estuve-en-el-funeral\/\">Enrique Meneses, que estuvo en el funeral<\/a>.<\/p>\n","protected":false},"excerpt":{"rendered":"<p>Ayer no tuve oportunidad de escribir, por lo que no pude quejarme online del cierre de Soitu.es que ya en la noche, y al pasar las horas transcurridas, todav\u00eda me resist\u00eda a creer. Por supuesto, me parec\u00eda un d\u00e9j\u00e0 vu de mal gusto, en el que cada cierto tiempo se calla un medio de comunicaci\u00f3n [&hellip;]<\/p>\n","protected":false},"author":1,"featured_media":0,"comment_status":"open","ping_status":"open","sticky":false,"template":"","format":"standard","meta":{"footnotes":""},"categories":[2],"tags":[],"class_list":["post-2001212","post","type-post","status-publish","format-standard","hentry","category-twentytwentyfive"],"_links":{"self":[{"href":"https:\/\/www.elenacabrera.com\/weblog3\/wp-json\/wp\/v2\/posts\/2001212","targetHints":{"allow":["GET"]}}],"collection":[{"href":"https:\/\/www.elenacabrera.com\/weblog3\/wp-json\/wp\/v2\/posts"}],"about":[{"href":"https:\/\/www.elenacabrera.com\/weblog3\/wp-json\/wp\/v2\/types\/post"}],"author":[{"embeddable":true,"href":"https:\/\/www.elenacabrera.com\/weblog3\/wp-json\/wp\/v2\/users\/1"}],"replies":[{"embeddable":true,"href":"https:\/\/www.elenacabrera.com\/weblog3\/wp-json\/wp\/v2\/comments?post=2001212"}],"version-history":[{"count":5,"href":"https:\/\/www.elenacabrera.com\/weblog3\/wp-json\/wp\/v2\/posts\/2001212\/revisions"}],"predecessor-version":[{"id":2002002014,"href":"https:\/\/www.elenacabrera.com\/weblog3\/wp-json\/wp\/v2\/posts\/2001212\/revisions\/2002002014"}],"wp:attachment":[{"href":"https:\/\/www.elenacabrera.com\/weblog3\/wp-json\/wp\/v2\/media?parent=2001212"}],"wp:term":[{"taxonomy":"category","embeddable":true,"href":"https:\/\/www.elenacabrera.com\/weblog3\/wp-json\/wp\/v2\/categories?post=2001212"},{"taxonomy":"post_tag","embeddable":true,"href":"https:\/\/www.elenacabrera.com\/weblog3\/wp-json\/wp\/v2\/tags?post=2001212"}],"curies":[{"name":"wp","href":"https:\/\/api.w.org\/{rel}","templated":true}]}}