{"id":2001225,"date":"2009-10-29T14:13:50","date_gmt":"2009-10-29T13:13:50","guid":{"rendered":""},"modified":"2009-10-29T14:13:50","modified_gmt":"2009-10-29T13:13:50","slug":"mis-vincentmoons-favoritos","status":"publish","type":"post","link":"https:\/\/www.elenacabrera.com\/weblog3\/2009\/10\/29\/mis-vincentmoons-favoritos\/","title":{"rendered":"Mis vincentmoons favoritos"},"content":{"rendered":"<p>Ma\u00f1ana estar\u00e9 en Barcelona gracias a la providencial invitaci\u00f3n del siempre grande y generoso Isaac Moncl\u00fas para conducir un encuentro con (el tambi\u00e9n grande y generoso) <a href=\"http:\/\/www.vincentmoon.com\/\">Vincent Moon<\/a> dentro de la <a href=\"http:\/\/www.in-edit.beefeater.es\/webapp\/actividades\">programaci\u00f3n de In-Edit<\/a>.<\/p>\n<p>Haber visto dos o tres v\u00eddeos de Vincent Moon no es lo mismo que vivir en su relato cinematogr\u00e1fico, en el cual llevo inmersa varios d\u00edas, sin querer ver otra que no haya grabado \u00e9l. Descubriendo el mundo, y cuando digo el mundo, me refiero de verdad al <a href=\"http:\/\/www.temporaryareas.com\/\">mundo<\/a>, a trav\u00e9s de sus ojos, escuchando c\u00f3mo me lo cuenta.<\/p>\n<p>Para alguien como yo que adora la conjunci\u00f3n entre cine o v\u00eddeo y m\u00fasica hay un antes y un despu\u00e9s de conocer a Vincent Moon. Saber que ma\u00f1ana, adem\u00e1s, le voy a conocer en persona me hace mucha ilusi\u00f3n.<\/p>\n<p>Moon es el creador de los <a href=\"http:\/\/www.blogotheque.net\/spip.php?page=cae_all&amp;lang=en\">Concerts a emporter<\/a>, donde los grupos tocan una o dos canciones en una sola toma, en ac\u00fastico (al aire, dir\u00eda) y en sitios inusuales, con resultados imprevisibles. Aquello comenz\u00f3 en Par\u00eds con los grupos que pasaban por all\u00ed pero \u00e9l no se queda ah\u00ed sino que su objetivo es recorrer el mundo conociendo gente y m\u00fasicos, film\u00e1ndolos en su ciudad, cont\u00e1ndonos tambi\u00e9n su contexto.<\/p>\n<p>Os dejo con una selecci\u00f3n de sus piezas que m\u00e1s me gustan:<\/p>\n<p><object width=\"400\" height=\"300\"><param name=\"allowfullscreen\" value=\"true\" \/><param name=\"allowscriptaccess\" value=\"always\" \/><param name=\"movie\" value=\"http:\/\/vimeo.com\/moogaloop.swf?clip_id=7098973&amp;server=vimeo.com&amp;show_title=1&amp;show_byline=1&amp;show_portrait=0&amp;color=&amp;fullscreen=1\" \/><embed src=\"http:\/\/vimeo.com\/moogaloop.swf?clip_id=7098973&amp;server=vimeo.com&amp;show_title=1&amp;show_byline=1&amp;show_portrait=0&amp;color=&amp;fullscreen=1\" type=\"application\/x-shockwave-flash\" allowfullscreen=\"true\" allowscriptaccess=\"always\" width=\"400\" height=\"300\"><\/embed><\/object><\/p>\n<p><a href=\"http:\/\/vimeo.com\/7098973\">Kazuki Tomokawa &#8211; A Take Away Show #98 &#8211; Part II<\/a> from <a href=\"http:\/\/vimeo.com\/blogotheque\">La Blogotheque<\/a> on <a href=\"http:\/\/vimeo.com\">Vimeo<\/a>.<\/p>\n<div><object width=\"480\" height=\"275\"><param name=\"movie\" value=\"http:\/\/www.dailymotion.com\/swf\/x61jkz&#038;related=0\"><\/param><param name=\"allowFullScreen\" value=\"true\"><\/param><param name=\"allowScriptAccess\" value=\"always\"><\/param><embed src=\"http:\/\/www.dailymotion.com\/swf\/x61jkz&#038;related=0\" type=\"application\/x-shockwave-flash\" width=\"480\" height=\"275\" allowfullscreen=\"true\" allowscriptaccess=\"always\"><\/object><br \/><b><a href=\"http:\/\/www.dailymotion.com\/video\/x61jkz_942-gaspar-claus-et-pedro-soler-epi_music\">#94.2 Gaspar Claus et Pedro Soler &#8211; Episode 2<\/a><\/b><br \/><i>Cargado por <a href=\"http:\/\/www.dailymotion.com\/lablogotheque\">lablogotheque<\/a>. &#8211; <a href=\"http:\/\/www.dailymotion.com\/es\/channel\/music\">Explorar otros videos musicales.<\/a><\/i><\/div>\n<\/p>\n<div><object width=\"480\" height=\"275\"><param name=\"movie\" value=\"http:\/\/www.dailymotion.com\/swf\/x5lvsy&#038;related=0\"><\/param><param name=\"allowFullScreen\" value=\"true\"><\/param><param name=\"allowScriptAccess\" value=\"always\"><\/param><embed src=\"http:\/\/www.dailymotion.com\/swf\/x5lvsy&#038;related=0\" type=\"application\/x-shockwave-flash\" width=\"480\" height=\"275\" allowfullscreen=\"true\" allowscriptaccess=\"always\"><\/object><br \/><b><a href=\"http:\/\/www.dailymotion.com\/video\/x5lvsy_922-winter-family-part-2_music\">#92.2 &#8211; Winter Family &#8211; Part 2<\/a><\/b><br \/><i>Cargado por <a href=\"http:\/\/www.dailymotion.com\/lablogotheque\">lablogotheque<\/a>. &#8211; <a href=\"http:\/\/www.dailymotion.com\/es\/channel\/music\">Ver m\u00e1s clips de m\u00fasica, videos en HD!<\/a><\/i><\/div>\n<p>El encuentro tendr\u00e1 lugar en el Palau de la Virreina a las 19h. La entrada es gratuita.<\/p>\n","protected":false},"excerpt":{"rendered":"<p>Ma\u00f1ana estar\u00e9 en Barcelona gracias a la providencial invitaci\u00f3n del siempre grande y generoso Isaac Moncl\u00fas para conducir un encuentro con (el tambi\u00e9n grande y generoso) Vincent Moon dentro de la programaci\u00f3n de In-Edit. Haber visto dos o tres v\u00eddeos de Vincent Moon no es lo mismo que vivir en su relato cinematogr\u00e1fico, en el [&hellip;]<\/p>\n","protected":false},"author":1,"featured_media":0,"comment_status":"open","ping_status":"open","sticky":false,"template":"","format":"standard","meta":{"footnotes":""},"categories":[],"tags":[],"class_list":["post-2001225","post","type-post","status-publish","format-standard","hentry"],"_links":{"self":[{"href":"https:\/\/www.elenacabrera.com\/weblog3\/wp-json\/wp\/v2\/posts\/2001225","targetHints":{"allow":["GET"]}}],"collection":[{"href":"https:\/\/www.elenacabrera.com\/weblog3\/wp-json\/wp\/v2\/posts"}],"about":[{"href":"https:\/\/www.elenacabrera.com\/weblog3\/wp-json\/wp\/v2\/types\/post"}],"author":[{"embeddable":true,"href":"https:\/\/www.elenacabrera.com\/weblog3\/wp-json\/wp\/v2\/users\/1"}],"replies":[{"embeddable":true,"href":"https:\/\/www.elenacabrera.com\/weblog3\/wp-json\/wp\/v2\/comments?post=2001225"}],"version-history":[{"count":0,"href":"https:\/\/www.elenacabrera.com\/weblog3\/wp-json\/wp\/v2\/posts\/2001225\/revisions"}],"wp:attachment":[{"href":"https:\/\/www.elenacabrera.com\/weblog3\/wp-json\/wp\/v2\/media?parent=2001225"}],"wp:term":[{"taxonomy":"category","embeddable":true,"href":"https:\/\/www.elenacabrera.com\/weblog3\/wp-json\/wp\/v2\/categories?post=2001225"},{"taxonomy":"post_tag","embeddable":true,"href":"https:\/\/www.elenacabrera.com\/weblog3\/wp-json\/wp\/v2\/tags?post=2001225"}],"curies":[{"name":"wp","href":"https:\/\/api.w.org\/{rel}","templated":true}]}}