{"id":2001235,"date":"2009-10-31T17:58:40","date_gmt":"2009-10-31T16:58:40","guid":{"rendered":""},"modified":"2009-11-01T22:00:18","modified_gmt":"2009-11-01T21:00:18","slug":"estaria-mal-hacerle-taxidermia-a-los-amigos-pero-a-veces-se-siente-el-deseo-para-que-no-se-vayan","status":"publish","type":"post","link":"https:\/\/www.elenacabrera.com\/weblog3\/2009\/10\/31\/estaria-mal-hacerle-taxidermia-a-los-amigos-pero-a-veces-se-siente-el-deseo-para-que-no-se-vayan\/","title":{"rendered":"Estar\u00eda mal hacerle taxidermia a los amigos, pero a veces se siente el deseo para que no se vayan"},"content":{"rendered":"<p>En la <a href=\"http:\/\/www.elenacabrera.com\/weblog\/album-de-memorias-de-un-dia-con-vincent-moon\/\">anterior<\/a> entrega de la telenovela The Last Dance s\u00f3lo hablaba de Vincent Moon pero ah\u00ed no qued\u00f3 el d\u00eda. En el dramatis personae de ayer tambi\u00e9n aparec\u00eda mencionado Isaac, que fue protagonista importante de la jornada. Pero no habl\u00e9 de <a href=\"http:\/\/angelita.action.at\/\">\u00c1ngela<\/a> Precht, con quien estuve bastante rato y a quien me hizo ilusi\u00f3n loca volver a ver. Chicos de Cultura, \u00a1esta chica nos echa de menos! Y yo tambi\u00e9n a ella, la verdad. En unos d\u00edas, adem\u00e1s, abandona este hemisferio para volver a Chile durante medio a\u00f1o y trabajar en el <a href=\"http:\/\/www.inedit-nescafe.cl\/\">In-Edit de all\u00ed<\/a>.<\/p>\n<p>Le tendr\u00eda que haber dicho a \u00c1ngela algo que quise decir ayer pero no hubo oportunidad, que Vincent Moon es como un personaje de <em>Los detectives salvajes<\/em>, viajando sin dinero por el mundo, invitado aqu\u00ed y all\u00e1, viviendo. A \u00c1ngela tambi\u00e9n me la imagino como personaje bola\u00f1ero, tan loca y tan lista, huev\u00f3n.<\/p>\n<p>(Justo mientras escribo estas l\u00edneas me llegan emails de ella con fotos de ayer). (No os perd\u00e1is <a href=\"http:\/\/angelita.action.at\/?p=1038\">su post<\/a> en el que cuenta qu\u00e9 le contest\u00f3 Vincent Moon cuando le pregunt\u00f3 porqu\u00e9 no sigue a nadie en Twitter).<\/p>\n<p>Por la tarde tomamos un taxi que nos llevara a Gracia. En la plaza de Joanic la encantadora Beatriz Naranjo, con quien compartimos la comida, ha abierto una escuela llamada <a href=\"http:\/\/www.lacasadelcine.es\/\">La casa del cine<\/a>. Isaac, Vincent, ella y yo subimos para visitarla y que estos dos \u00faltimos pudieran hablar sobre los detalles del <a href=\"http:\/\/www.lacasadelcine.es\/curso.php?id=11\">curso<\/a> que dirigir\u00e1 all\u00ed durante una semana en el pr\u00f3ximo mes de mayo. Vincent Moon grabar\u00e1 un Take Away Show ayudado de los alumnos. Una semana despu\u00e9s tendr\u00e1 lugar el Primavera Sound, donde tambi\u00e9n piensa filmar un documento.<\/p>\n<p>Con \u00c1ngela, Isaac y el mejor barman de hotel de toda la ciudad (\u00bfseguro que no es un actor de una pel\u00edcula de <a href=\"http:\/\/www.elenacabrera.com\/weblog\/conversaciones-imaginarias-con-jim-jarmusch\/\">Jim Jarmusch<\/a>?) nos tomamos un vino (otro) al terminar la charla. Bueno, ni que las charlas se terminaran, se transforman en otras, que fue lo que hicimos nosotros all\u00ed en aquella barra de hotel.<\/p>\n<p>Y, celebrando con (y otro m\u00e1s) vino la despedida hacia tierras de mapuches de \u00c1ngela y Gerard, estuvimos en el bar El Taxidermista, al que poco tiempo despu\u00e9s lleg\u00f3 Ra\u00fal de <a href=\"http:\/\/victima10.com\/WordPress\/?page_id=5\">Comando Suzie<\/a> y all\u00ed que sigui\u00f3 transform\u00e1ndose la conversaci\u00f3n, imparable y a\u00fan con m\u00e1s fuerza, como si el d\u00eda no se estuviera acabando. De golpe todo el mundo hab\u00eda desaparecido, as\u00ed que las palabras, el comandante y yo nos fuimos al Rouge (\u00bfquiz\u00e1s ya no se llama Barcelona Rouge?) que tanto me gustaba cuando viv\u00eda all\u00ed. Hac\u00eda tiempo que no volv\u00eda. De pronto, apareci\u00f3 delante de nosotros. Y con una copa de (esta ya fue la \u00faltima) vino blanco en las manos no par\u00e9 de hacer preguntas, lo cual parece cada vez con m\u00e1s evidencia que es el oficio, la ocupaci\u00f3n, de mi vida.<\/p>\n<p><a title=\"Con v10 por elenac, en Flickr\" href=\"http:\/\/www.flickr.com\/photos\/elenac\/4061436820\/\"><img loading=\"lazy\" decoding=\"async\" src=\"http:\/\/farm3.static.flickr.com\/2542\/4061436820_ac57ed1f8a.jpg\" alt=\"Con v10\" width=\"500\" height=\"375\" \/><\/a><\/p>\n","protected":false},"excerpt":{"rendered":"<p>En la anterior entrega de la telenovela The Last Dance s\u00f3lo hablaba de Vincent Moon pero ah\u00ed no qued\u00f3 el d\u00eda. En el dramatis personae de ayer tambi\u00e9n aparec\u00eda mencionado Isaac, que fue protagonista importante de la jornada. Pero no habl\u00e9 de \u00c1ngela Precht, con quien estuve bastante rato y a quien me hizo ilusi\u00f3n [&hellip;]<\/p>\n","protected":false},"author":1,"featured_media":0,"comment_status":"open","ping_status":"open","sticky":false,"template":"","format":"standard","meta":{"footnotes":""},"categories":[],"tags":[],"class_list":["post-2001235","post","type-post","status-publish","format-standard","hentry"],"_links":{"self":[{"href":"https:\/\/www.elenacabrera.com\/weblog3\/wp-json\/wp\/v2\/posts\/2001235","targetHints":{"allow":["GET"]}}],"collection":[{"href":"https:\/\/www.elenacabrera.com\/weblog3\/wp-json\/wp\/v2\/posts"}],"about":[{"href":"https:\/\/www.elenacabrera.com\/weblog3\/wp-json\/wp\/v2\/types\/post"}],"author":[{"embeddable":true,"href":"https:\/\/www.elenacabrera.com\/weblog3\/wp-json\/wp\/v2\/users\/1"}],"replies":[{"embeddable":true,"href":"https:\/\/www.elenacabrera.com\/weblog3\/wp-json\/wp\/v2\/comments?post=2001235"}],"version-history":[{"count":0,"href":"https:\/\/www.elenacabrera.com\/weblog3\/wp-json\/wp\/v2\/posts\/2001235\/revisions"}],"wp:attachment":[{"href":"https:\/\/www.elenacabrera.com\/weblog3\/wp-json\/wp\/v2\/media?parent=2001235"}],"wp:term":[{"taxonomy":"category","embeddable":true,"href":"https:\/\/www.elenacabrera.com\/weblog3\/wp-json\/wp\/v2\/categories?post=2001235"},{"taxonomy":"post_tag","embeddable":true,"href":"https:\/\/www.elenacabrera.com\/weblog3\/wp-json\/wp\/v2\/tags?post=2001235"}],"curies":[{"name":"wp","href":"https:\/\/api.w.org\/{rel}","templated":true}]}}