{"id":2001262,"date":"2009-11-10T12:36:52","date_gmt":"2009-11-10T11:36:52","guid":{"rendered":""},"modified":"2009-11-10T12:41:24","modified_gmt":"2009-11-10T11:41:24","slug":"tiro-recuerdos-que-ya-no-me-recuerdan-nada","status":"publish","type":"post","link":"https:\/\/www.elenacabrera.com\/weblog3\/2009\/11\/10\/tiro-recuerdos-que-ya-no-me-recuerdan-nada\/","title":{"rendered":"Tiro recuerdos que ya no me recuerdan nada"},"content":{"rendered":"<p>De entre todos los grandes acontecimientos que me suceden \u00faltimamente, he de destacar la Operaci\u00f3n Lastre que est\u00e1 teniendo lugar entre las paredes de mi estudio, en nuestro palacete. Ven\u00eda acariciando la idea desde hac\u00eda tiempo pero no me sent\u00eda capaz. Al despertar, antes de levantarme de la cama, sol\u00eda pensar \u00abhoy es el d\u00eda\u00bb. Me pon\u00eda las zapatillas, cruzaba el sal\u00f3n y entraba en el estudio. Miraba las paredes mientras me quitaba alguna lega\u00f1a seca y, en silencio, me daba la vuelta cerrando la puerta.<\/p>\n<p>La ma\u00f1ana que definitivamente s\u00ed fue el d\u00eda no comenz\u00f3 con una revelaci\u00f3n bajo el calor del n\u00f3rdico, m\u00e1s bien me contest\u00e9 \u00abyo creo que hoy no va a ser\u00bb pero, al entrar al estudio dije alguna que otra palabra fea y decid\u00ed, sin pensarlo mucho, arremangarme. Ya no pod\u00eda m\u00e1s con el peso de mis cosas, as\u00ed que empec\u00e9 a vaciar las estanter\u00edas.<\/p>\n<p>Hubo <a href=\"http:\/\/twitter.com\/elenac\/status\/5462148868\">un pensamiento<\/a> que me motiv\u00f3 bastante, reconozco que es algo l\u00fagubre pero el amor es m\u00e1s fuerte que la muerte, y tambi\u00e9n m\u00e1s fr\u00edo, as\u00ed que provista de esa frialdad me pregunt\u00e9 ante cada objeto \u00ab\u00bfcuando yo muera, Alberto querr\u00eda conservar esto para algo?\u00bb. Cuando s\u00e9 que llegar\u00e1 el d\u00eda en el que tenga que enfrentarme a vaciar la casa de mi madre se me hunde el mundo. Por ello, tengo que intentar que el trago sea el m\u00ednimo para los que deje atr\u00e1s cuando yo me vaya.<\/p>\n<p>Ese fue s\u00f3lo el impulso final que necesitaba. Mis razones, en realidad, son m\u00e1s vitales: s\u00f3lo quiero tener las cosas que necesito para vivir, las que de verdad me importan. Todas las dem\u00e1s me hacen pesar m\u00e1s de la cuenta. Mi cu\u00f1ado \u00c1lex me odiar\u00e1 si alg\u00fan d\u00eda lee esto, pues le hice cargar con cajas y cajas de revistas y libros cuando me mud\u00e9 por \u00faltima vez. Pensar que ahora he tirado casi todas las revistas&#8230;<\/p>\n<p>Pero en aquel momento, hace tres o cuatro a\u00f1os, yo no pod\u00eda tirarlas. Pensaba que conformaban mi identidad y que todas las necesitar\u00eda, pues tengo una fr\u00e1gil memoria.<\/p>\n<p>Arrastro conmigo muchos recuerdos para ayudarme a recordar y hoy he empezado a darme cuenta de que muchos de esos recuerdos ya no me recuerdan nada. \u00bfPor qu\u00e9 lo guard\u00e9? \u00bfA qu\u00e9 est\u00e1 asociado? \u00bfQui\u00e9n me lo dio y porqu\u00e9? Ya no poseo esa informaci\u00f3n.<\/p>\n<p>\u00bfY qu\u00e9 voy a hacer entones? \u00bfEsperar que regresen las memorias? \u00bfConservarlo todo para disimular, como si todo me importara, para evitar el cargo de conciencia?<\/p>\n<p>Lo \u00fanico que pudo hacer es enfrentarme al olvido con humildad y sinceridad. Deseo pesar poco, tener lo imprescindible, no comprar nada que no signifique mucho, usar las cosas sin poseerlas. Que me dejen libros, que me graben discos, leer las revistas y deshacerme de ellas, escanear lo importante, apuntar los datos, tirar el resto.<\/p>\n<p style=\"text-align: center;\"><a href=\"http:\/\/blogs.publico.es\/mauroentrialgo\/1503\/viernes-98\/\"><img loading=\"lazy\" decoding=\"async\" class=\"aligncenter\" src=\"http:\/\/blogs.publico.es\/mauroentrialgo\/files\/2009\/11\/702.gif\" alt=\"\" width=\"542\" height=\"122\" \/><\/a><\/p>\n","protected":false},"excerpt":{"rendered":"<p>De entre todos los grandes acontecimientos que me suceden \u00faltimamente, he de destacar la Operaci\u00f3n Lastre que est\u00e1 teniendo lugar entre las paredes de mi estudio, en nuestro palacete. Ven\u00eda acariciando la idea desde hac\u00eda tiempo pero no me sent\u00eda capaz. Al despertar, antes de levantarme de la cama, sol\u00eda pensar \u00abhoy es el d\u00eda\u00bb. [&hellip;]<\/p>\n","protected":false},"author":1,"featured_media":0,"comment_status":"open","ping_status":"open","sticky":false,"template":"","format":"standard","meta":{"footnotes":""},"categories":[],"tags":[],"class_list":["post-2001262","post","type-post","status-publish","format-standard","hentry"],"_links":{"self":[{"href":"https:\/\/www.elenacabrera.com\/weblog3\/wp-json\/wp\/v2\/posts\/2001262","targetHints":{"allow":["GET"]}}],"collection":[{"href":"https:\/\/www.elenacabrera.com\/weblog3\/wp-json\/wp\/v2\/posts"}],"about":[{"href":"https:\/\/www.elenacabrera.com\/weblog3\/wp-json\/wp\/v2\/types\/post"}],"author":[{"embeddable":true,"href":"https:\/\/www.elenacabrera.com\/weblog3\/wp-json\/wp\/v2\/users\/1"}],"replies":[{"embeddable":true,"href":"https:\/\/www.elenacabrera.com\/weblog3\/wp-json\/wp\/v2\/comments?post=2001262"}],"version-history":[{"count":0,"href":"https:\/\/www.elenacabrera.com\/weblog3\/wp-json\/wp\/v2\/posts\/2001262\/revisions"}],"wp:attachment":[{"href":"https:\/\/www.elenacabrera.com\/weblog3\/wp-json\/wp\/v2\/media?parent=2001262"}],"wp:term":[{"taxonomy":"category","embeddable":true,"href":"https:\/\/www.elenacabrera.com\/weblog3\/wp-json\/wp\/v2\/categories?post=2001262"},{"taxonomy":"post_tag","embeddable":true,"href":"https:\/\/www.elenacabrera.com\/weblog3\/wp-json\/wp\/v2\/tags?post=2001262"}],"curies":[{"name":"wp","href":"https:\/\/api.w.org\/{rel}","templated":true}]}}