{"id":2001277,"date":"2009-11-15T13:32:59","date_gmt":"2009-11-15T12:32:59","guid":{"rendered":""},"modified":"2009-11-15T13:58:45","modified_gmt":"2009-11-15T12:58:45","slug":"dressedinblac","status":"publish","type":"post","link":"https:\/\/www.elenacabrera.com\/weblog3\/2009\/11\/15\/dressedinblac\/","title":{"rendered":"She&#8217;s dresed in black again and I&#8217;m falling down again"},"content":{"rendered":"<p>Paralizada y nerviosa, como siempre antes de un concierto de Depeche Mode. \u00a1Esta ma\u00f1ana no puedo pensar en otra cosa! \u00a1Y tengo demasiadas cosas que hacer! Ma\u00f1ana comienza el primero de una tanda de cuatro conciertos de DM que Milord y yo nos vamos a meter entre pecho y espalda, primero los dos de Madrid y despu\u00e9s, el fin de semana, los dos de Barcelona. Me pregunto qu\u00e9 estar\u00e1 haciendo el grupo durante estos d\u00edas de descanso entre Valencia y Madrid. \u00bfHabr\u00e1n volado a Inglaterra para ver a la familia?, \u00bfestar\u00e1n en Madrid recordando viejos tiempos?, \u00bfsi saco la cabeza por la ventana estar\u00e1 Martin en el jard\u00edn? En estas trascendentales preguntas ocupo mis horas mientras escucho un mont\u00f3n de canciones.<br \/>\nHe reparado en que en Valencia no tocaron <em>Dressed in Black<\/em> (del <em>Black Celebration)<\/em>, un nuevo a\u00f1adido a la gira, \u00a1cantada por Martin!. Si s\u00f3lo fuera a ir a uno de los conciertos estar\u00eda preocupad\u00edsima pensando si tendr\u00eda suerte o no de ver una canci\u00f3n que nunca les he visto hacer. Sabiendo que voy a cuatro, es imposible perderla. As\u00ed, espero poder ver todas las <a href=\"http:\/\/www.depechemode.com\/tour\/setlists.html\">opciones de setlist<\/a> y escuchar tambi\u00e9n <em>One Caress<\/em> y <em>Home<\/em>. Tambi\u00e9n tengo muchas ganas de ver <em>Sister of Nigh<\/em> cantada por Martin. Tambi\u00e9n est\u00e1n ensayando <em>Condemnation<\/em> e imagino que en alg\u00fan momento la introducir\u00e1n, \u00bfser\u00e1 en Espa\u00f1a, o en Madrid, como homenaje a la grabaci\u00f3n de <em>Songs of Faith and Devotion<\/em>?<br \/>\nPor supuesto, mi otro blog, <a href=\"http:\/\/www.mtv.es\/clubmtv\/martingorey\/posts\">Martingorey<\/a>, est\u00e1 que arde, con informaci\u00f3n sobre las fiestas y todo lo que vaya cayendo.<\/p>\n<p>Por otro lado, tambi\u00e9n tenemos ese incesante <a href=\"http:\/\/www.netjoven.pe\/noticias\/27016\/Integrante-de-la-banda-Depeche-Mode-volvera-al-Peru-para-disfrutar-de-Machu-Picchu.html\">rumor<\/a> de que el DVD de la gira se va a grabar (como concierto \u00edntegro, ya sabemos que hay partes grabadas en Sudam\u00e9rica) en Barcelona. Lo cual lo hace todo a\u00fan mucho m\u00e1s emocionante. Pero claro, si el precio de estar en un concierto donde se graba el DVD es tener que volver a escuchar <em>Peace<\/em> (que afortunadamente nos lo retiraron del setlist), no estoy segura de que me compense&#8230; un concierto de DVD deber\u00eda tener m\u00e1s canciones del disco que relata \u00bfno? Pero si el disco es un fiasco, pues&#8230;<\/p>\n<p>Esta es una foto del club que alquilaron en Hannover para ensayar canciones nuevas (<em>Condemnation<\/em> entre ellas, como se aprecia en la foto de este tele-cue m\u00e1s abajo).<\/p>\n<p><img decoding=\"async\" src=\"http:\/\/media.depechemode.com\/main_site\/2009_gr\/totu_pictures\/20091103_mm\/img_1596.jpg\" alt=\"\" \/><br \/>\n<img decoding=\"async\" src=\"http:\/\/media.depechemode.com\/main_site\/2009_gr\/totu_pictures\/20091103_mm\/img_1650.jpg\" alt=\"\" \/><\/p>\n","protected":false},"excerpt":{"rendered":"<p>Paralizada y nerviosa, como siempre antes de un concierto de Depeche Mode. \u00a1Esta ma\u00f1ana no puedo pensar en otra cosa! \u00a1Y tengo demasiadas cosas que hacer! Ma\u00f1ana comienza el primero de una tanda de cuatro conciertos de DM que Milord y yo nos vamos a meter entre pecho y espalda, primero los dos de Madrid [&hellip;]<\/p>\n","protected":false},"author":1,"featured_media":0,"comment_status":"open","ping_status":"open","sticky":false,"template":"","format":"standard","meta":{"footnotes":""},"categories":[],"tags":[],"class_list":["post-2001277","post","type-post","status-publish","format-standard","hentry"],"_links":{"self":[{"href":"https:\/\/www.elenacabrera.com\/weblog3\/wp-json\/wp\/v2\/posts\/2001277","targetHints":{"allow":["GET"]}}],"collection":[{"href":"https:\/\/www.elenacabrera.com\/weblog3\/wp-json\/wp\/v2\/posts"}],"about":[{"href":"https:\/\/www.elenacabrera.com\/weblog3\/wp-json\/wp\/v2\/types\/post"}],"author":[{"embeddable":true,"href":"https:\/\/www.elenacabrera.com\/weblog3\/wp-json\/wp\/v2\/users\/1"}],"replies":[{"embeddable":true,"href":"https:\/\/www.elenacabrera.com\/weblog3\/wp-json\/wp\/v2\/comments?post=2001277"}],"version-history":[{"count":0,"href":"https:\/\/www.elenacabrera.com\/weblog3\/wp-json\/wp\/v2\/posts\/2001277\/revisions"}],"wp:attachment":[{"href":"https:\/\/www.elenacabrera.com\/weblog3\/wp-json\/wp\/v2\/media?parent=2001277"}],"wp:term":[{"taxonomy":"category","embeddable":true,"href":"https:\/\/www.elenacabrera.com\/weblog3\/wp-json\/wp\/v2\/categories?post=2001277"},{"taxonomy":"post_tag","embeddable":true,"href":"https:\/\/www.elenacabrera.com\/weblog3\/wp-json\/wp\/v2\/tags?post=2001277"}],"curies":[{"name":"wp","href":"https:\/\/api.w.org\/{rel}","templated":true}]}}