{"id":2001286,"date":"2009-11-15T21:22:26","date_gmt":"2009-11-15T19:22:26","guid":{"rendered":""},"modified":"2019-05-25T19:29:47","modified_gmt":"2019-05-25T17:29:47","slug":"%c2%bfdonde-estan-los-enemigos-publicos-en-la-literatura","status":"publish","type":"post","link":"https:\/\/www.elenacabrera.com\/weblog3\/2009\/11\/15\/%c2%bfdonde-estan-los-enemigos-publicos-en-la-literatura\/","title":{"rendered":"\u00bfD\u00f3nde est\u00e1n los enemigos p\u00fablicos en la literatura?"},"content":{"rendered":"<p>El E\u00f1e viene a ser algo muy parecido al Hay de Segovia, que es el \u00fanico en el que <a href=\"http:\/\/www.adn.es\/blog\/hay_tantas_palabras\">he estado<\/a>. Javier Rodr\u00edguez Marcos dice en El Pa\u00eds del s\u00e1bado que \u00ab[el E\u00f1e] no es el Hay de Segovia o Granada pero las escaleras obligan a hacer casi tantos kil\u00f3metros como all\u00ed\u00bb. Extra\u00f1amente no me duelen las pantorrillas, y eso que no us\u00e9 el ascensor. Cada piso del C\u00edrculo de Bellas Ares duele como dos, o incluso como tres si tomo por referencia las escaleras de mi casa. Y algunos de los escritores participantes en el E\u00f1e, por seguir con las comparaciones, han sido tan pesados como mi vecino el aspirante a Operaci\u00f3n Triunfo.<\/p>\n<p>He preparado un top 5 para el programa de radio de ma\u00f1ana, que no podr\u00e9 hacer en directo ya que estar\u00e9 <a href=\"http:\/\/www.elenacabrera.com\/weblog\/dressedinblac\/\">aqu\u00ed<\/a>.<\/p>\n<p style=\"padding-left: 60px;\">1. <a href=\"http:\/\/fadanelli.blogspot.com\/\">Guillermo Fadanelli<\/a><\/p>\n<p style=\"padding-left: 60px;\">2. Ana Mar\u00eda Moix con Esther Tusquets<\/p>\n<p style=\"padding-left: 60px;\">3. Manuel Vilas<\/p>\n<p style=\"padding-left: 60px;\">4. Ignacio Echevarr\u00eda, Ray Loriga y Rodrigo Fres\u00e1n<\/p>\n<p style=\"padding-left: 60px;\">5. Andr\u00e9s Barba y Peio H.Ria\u00f1o<\/p>\n<p>Me perd\u00ed dos cosas importantes por coincidencias o torpezas: <strong>Leopoldo Mar\u00eda Panero<\/strong> y <strong>Alberto Garc\u00eda Al\u00edx<\/strong>. Tampoco estuve en la Cata Literaria de <strong>Jos\u00e9 Luis Cuerda<\/strong>, que me apetec\u00eda mucho. Me encanta que un director de cine monte una bodega.<\/p>\n<p><strong>Esther Tusquets<\/strong>: \u00abSi alguien protesta por lo que he dicho, puedo decir mucho m\u00e1s\u00bb. \u00ab\u00bfPor qu\u00e9 escribo distinto? Escribo distinto porque hoy soy distinta\u00bb. \u00a0\u00abPrefiero la intensidad a la felicidad\u00bb. \u00abMi madre no me quiso pero todo lo que me gusta proviene de mi madre\u00bb.<\/p>\n<p>Abriendo el festival, la mesa de los editores del grupo Contexto. <strong>F\u00e9lix Romeo<\/strong>: \u00abCuando era adolescente lo chulo era ser escritor, hoy lo chulo es ser editor\u00bb. <strong>Juli\u00e1n Rodr\u00edguez<\/strong> de Perif\u00e9rica: \u00abNuestra tarea es ser m\u00e1s amantes de lo que otros lo fueron\u00bb. <strong>Santiago Tob\u00f3n<\/strong> de Sexto Piso: \u00abEl peque\u00f1o ecosistema fr\u00e1gil de la vida del editor independiente\u00bb. <strong>Enrique Redel<\/strong> de Impedimenta: \u00ab\u00daltimamente lo que hago es publicar enemigos p\u00fablicos, gente que pone el dedo en la llaga\u00bb. Juli\u00e1n de Perif\u00e9rica: \u00abLa impresi\u00f3n bajo demanda debe estar en manos del librero, no es la tarea para los editores\u00bb.<\/p>\n<p>El fot\u00f3grafo <strong>Chema Madoz<\/strong>: \u00abNo espero que el detonante aparezca delante de mi [para hacer una fotograf\u00eda] sino que creo que el detonante est\u00e1 en la cabeza\u00bb. (No lo comparto pero es interesante).<\/p>\n<p><strong>Use Lahoz<\/strong>: \u00abLa literatura es emoci\u00f3n o no es\u00bb. (No lo comparto y adem\u00e1s me parece una tonter\u00eda). <strong>Jordi Carri\u00f3n<\/strong>: \u00abLa literatura puede ser otras cosas pero lo que m\u00e1s me interesa es que la literatura sea cr\u00edtica con su realidad\u00bb (\u00a1al fin!). \u00abLa novela p\u00f3stuma de Mario Levrero sintoniza al mismo tiempo con el siglo XX y con el XXI, es una novela bisagra\u00bb.<\/p>\n<p><strong>Andr\u00e9s Barba<\/strong>: \u00abHay que dejar de llamar a las cosas malas &#8216;monstruosas&#8217; porque eludimos nuestra responsabilidad en ellas, la crueldad de uno ni\u00f1os contra otros no debe llamarse monstruoso sino humano\u00bb (siguiendo a Hannah Arendt).<\/p>\n<p><strong>Ray Loriga<\/strong>: \u00abKerouac muri\u00f3 alcoholizado por que no soportaba tener su casa llena de hippies\u00bb. (Se lo cont\u00f3 al propio Loriga la mujer de Neal Cassidy y \u00e9l nos lo dijo en la conferencia m\u00e1s <a href=\"http:\/\/twitpic.com\/ph9qq\">abarrotada<\/a> que vi en el E\u00f1e).<\/p>\n<p><strong>Guillermo Fadanelli<\/strong>: \u00abLos premios son importantes porque cuando alguien es premiado lo dejo de leer, es una buena manera de acotar las lecturas&#8230; y no soy un acomplejado, he tenido dos premios y mucha coca\u00edna\u00bb. Sobre escribir emails borracho: \u00abA mi mujer no le digo esc\u00f3ndeme las botellas, le digo esc\u00f3ndeme el Internet\u00bb.<\/p>\n<p style=\"text-align: center;\"><img decoding=\"async\" src=\"http:\/\/farm3.static.flickr.com\/2723\/4107785980_dbe7ba2d10.jpg\" alt=\"\" \/><br \/>\nFoto <a href=\"http:\/\/lastermopilas.net\/2009\/11\/lo-bueno-lo-malo-y-lo-mejor\/\">robada a Roger Casas<\/a>.<\/p>\n<p style=\"text-align: left;\">El apretado horario imped\u00eda, a no ser que pasaras descaradamente de ver cosas, compadrear en el sal\u00f3n de baile, donde hab\u00eda caf\u00e9 de cortes\u00eda, puffs y mesitas junto a un bar instalado por La Pecera a 2,50 la copa de vino tempranillo joven. Las mesitas eran lo mejor. En ellas pude avanzar con el libro de <strong>Gabriela Wiener <\/strong>y desplegar el programa (que soltaba tanta tinta que siempre llevaba los dedos negros), charlar (o bombardearnos) con <strong>Rub\u00e9n Romero<\/strong> (que condujo el encuentro sobre la ciudad de Los \u00c1ngeles con <strong>James Frey<\/strong>; vi un rato pero no me interes\u00f3 mucho), descansar con mi secuaz y compa\u00f1era de fatigas <strong>Carolina Le\u00f3n<\/strong> u observar con descaro a qui\u00e9n hablaba con qui\u00e9n. Lo malo es que ese espacio era tambi\u00e9n un escenario de encuentros, por lo que a veces uno se pon\u00eda a conversar sin escuchar a los que ten\u00edan micro. Me sent\u00eda maleducada pero a veces era inevitable.<\/p>\n<p style=\"text-align: left;\"><strong>Elena Medel<\/strong> y <strong>Guillermo Trapiello<\/strong> <a href=\"http:\/\/www.revistaparaleer.com\/blogs-ene\/festival-ene\/gracias-por-venir\">hicieron un Gabinete de Crisis<\/a>. Ellos eres unos reyes magos a los que pedirles un regalo. Como la literatura es la realidad del plano de la fantas\u00eda, en el plano de la hoja de papel te escrib\u00edan y dibujaban, respectivamente, lo que t\u00fa les hab\u00edas pedido. Yo les ped\u00ed, de regalo para Navidad, un apocalipsis:<\/p>\n<p style=\"text-align: left;\">\n<p style=\"text-align: center;\"><a title=\"Les ped\u00ed un apocalipsis por elenac, en Flickr\" href=\"http:\/\/www.flickr.com\/photos\/elenac\/4109164040\/\"><img loading=\"lazy\" decoding=\"async\" class=\"aligncenter\" src=\"http:\/\/farm3.static.flickr.com\/2603\/4109164040_20f4d4a6be_o.jpg\" alt=\"Les ped\u00ed un apocalipsis\" width=\"435\" height=\"599\" \/><\/a><\/p>\n<p style=\"text-align: left;\">Elena, adem\u00e1s, nos ha mencionado <a href=\"http:\/\/www.revistaparaleer.com\/blogs-ene\/festival-ene\/dar-para-mas#comment-38\">en su blog sobre el festival<\/a>, que me acabo de enterar de que lo estaba haciendo. A veces pienso cu\u00e1l es mi problema, porqu\u00e9 no me entero de las cosas. En d\u00edas m\u00e1s optimistas pienso que es que LOS DEM\u00c1S no saben comunicar las cosas que hacen (no lo digo por Elena, lo digo por el Festival).<\/p>\n<p style=\"text-align: left;\">\u00abDe Macondo a Barajas\u00bb fue un buen t\u00edtulo para en encuentro entre escritores latinoamericanos en la di\u00e1spora. El chileno <strong>Carlos Franz<\/strong> me interes\u00f3. A <strong>Soledad Pu\u00e9rtolas<\/strong> no le funcion\u00f3 lo de leer dos textos suyos entorno a las enfermedades de los escritores, por lo que abandon\u00e9.<\/p>\n<p style=\"text-align: left;\"><strong>Vicente Molina Foix<\/strong> (\u00abo Fo\u00e1\u00bb, como dijo Guillermo Fadanello) es cada d\u00eda un se\u00f1or que cae m\u00e1s antip\u00e1tico. Intentando olvidar, si es que posible, su metedura de pata respecto al c\u00f3mic, impidi\u00f3 que el encuentro con <strong>Herralde<\/strong> fuera con Herralde, en lugar de con \u00e9l y con <strong>Pombo<\/strong>. Cuando hablaba Fo\u00e1 me abstra\u00eda y recuperaba la atenci\u00f3n cuando dejaban hablar al editor de Anagrama.<\/p>\n<p style=\"text-align: left;\">Seguimos con el E\u00f1e esta noche (lunes) en <a href=\"http:\/\/quiereshacerelfavor.wordpress.com\/\">\u00bfQuieres hacer el favor de leer esto, por favor?<\/a> Pero yo no estar\u00e9 en directo, pues tengo cita con <a href=\"http:\/\/mtv.es\/clubmtv\/martingorey\"><strong>Martin Gore<\/strong><\/a>, \u00e9l no lo sabe claro, pero \u00a0yo s\u00ed, y mi cuerpo tambi\u00e9n, pues ya se ha puesto del rev\u00e9s.<\/p>\n<p style=\"text-align: left;\">De entre los momentos privados del festival, el mejor fue la entrevista, en las fr\u00edas escaleras del C\u00edrculo, a <a href=\"http:\/\/gabrielawiener.megustaescribir.com\/\">Gabriela Wiener<\/a>. Ven\u00eda de una charla absurd\u00edsima titulada \u00abPorn\u00f3filos\u00bb en los que ninguno se asum\u00eda como tal. Sobre todo la presencia de <strong>Fernando Mar\u00edas<\/strong> era inexplicable. La mesita redonda fue aburrida salvo por los casos reales de Gabriela y sus ejemplos en el mundo del periodismo gonzo para Primera L\u00ednea. Luego la raptamos y la grabamos para el programa de esta noche, as\u00ed que <a href=\"http:\/\/quiereshacerelfavor.wordpress.com\/\">ah\u00ed<\/a> podr\u00e9is escuchar unos cortes de la conversaci\u00f3n.<\/p>\n","protected":false},"excerpt":{"rendered":"<p>El E\u00f1e viene a ser algo muy parecido al Hay de Segovia, que es el \u00fanico en el que he estado. Javier Rodr\u00edguez Marcos dice en El Pa\u00eds del s\u00e1bado que \u00ab[el E\u00f1e] no es el Hay de Segovia o Granada pero las escaleras obligan a hacer casi tantos kil\u00f3metros como all\u00ed\u00bb. Extra\u00f1amente no me [&hellip;]<\/p>\n","protected":false},"author":1,"featured_media":0,"comment_status":"open","ping_status":"open","sticky":false,"template":"","format":"standard","meta":{"footnotes":""},"categories":[],"tags":[],"class_list":["post-2001286","post","type-post","status-publish","format-standard","hentry"],"_links":{"self":[{"href":"https:\/\/www.elenacabrera.com\/weblog3\/wp-json\/wp\/v2\/posts\/2001286","targetHints":{"allow":["GET"]}}],"collection":[{"href":"https:\/\/www.elenacabrera.com\/weblog3\/wp-json\/wp\/v2\/posts"}],"about":[{"href":"https:\/\/www.elenacabrera.com\/weblog3\/wp-json\/wp\/v2\/types\/post"}],"author":[{"embeddable":true,"href":"https:\/\/www.elenacabrera.com\/weblog3\/wp-json\/wp\/v2\/users\/1"}],"replies":[{"embeddable":true,"href":"https:\/\/www.elenacabrera.com\/weblog3\/wp-json\/wp\/v2\/comments?post=2001286"}],"version-history":[{"count":1,"href":"https:\/\/www.elenacabrera.com\/weblog3\/wp-json\/wp\/v2\/posts\/2001286\/revisions"}],"predecessor-version":[{"id":2002002631,"href":"https:\/\/www.elenacabrera.com\/weblog3\/wp-json\/wp\/v2\/posts\/2001286\/revisions\/2002002631"}],"wp:attachment":[{"href":"https:\/\/www.elenacabrera.com\/weblog3\/wp-json\/wp\/v2\/media?parent=2001286"}],"wp:term":[{"taxonomy":"category","embeddable":true,"href":"https:\/\/www.elenacabrera.com\/weblog3\/wp-json\/wp\/v2\/categories?post=2001286"},{"taxonomy":"post_tag","embeddable":true,"href":"https:\/\/www.elenacabrera.com\/weblog3\/wp-json\/wp\/v2\/tags?post=2001286"}],"curies":[{"name":"wp","href":"https:\/\/api.w.org\/{rel}","templated":true}]}}