{"id":2001298,"date":"2009-11-19T10:57:32","date_gmt":"2009-11-19T09:57:32","guid":{"rendered":""},"modified":"2009-11-26T23:50:30","modified_gmt":"2009-11-26T22:50:30","slug":"el-fin-del-fib","status":"publish","type":"post","link":"https:\/\/www.elenacabrera.com\/weblog3\/2009\/11\/19\/el-fin-del-fib\/","title":{"rendered":"El fin del FIB"},"content":{"rendered":"<p>Ayer lleg\u00f3 una nota de prensa del Festival de Benic\u00e0ssim en la que se anunciaba al irland\u00e9s <strong>Vince Power<\/strong> como nuevo director del festival. Como consecuencia, <strong>Jose y Miguel Mor\u00e1n<\/strong>, quienes lo fundaron a partir del \u00e9xito de la Sala Maravillas en 1995, se desvinculan de la direcci\u00f3n.<\/p>\n<p>Hace unas semanas fue despedido parte del equipo de comunicaci\u00f3n del festival, ******* ****** (nombre eliminado a petici\u00f3n del\/a interesado\/a) incluido\/a, por lo que el FIB, tal y como lo conocimos, est\u00e1 llegando a su fin. Es el t\u00edpico ejemplo de multinacional que compra el negocio m\u00e1s pr\u00f3spero, el que fue levantado por una empresa familiar y gracias al empuje fiel de los amigos, echa a los empleados para poner a los suyos y hace las cosas a su manera, con la f\u00f3rmula que le funciona en otros pa\u00edses. Por supuesto, tambi\u00e9n funcionar\u00e1 en este, porque la gente -en general, en bruto, en masa, que es lo que da dinero- prefiere la Fnac a Discos Del Sur, El Corte Ingl\u00e9s a Tejidos Centro, el McDonald&#8217;s a El Bocho y La Casa del Libro\u00a0a la librer\u00eda Antonio Machado.<\/p>\n<p>Jose y Miguel han escrito esta carta de despedida:<\/p>\n<blockquote><p>Ha sido un placer\u2026 \u00a1hasta siempre!<\/p>\n<p>Tal y como anunci\u00f3 ayer FIB Heineken en comunicado de prensa, nos desvinculamos definitivamente de \u00e9l. Motivo por el cual os hacemos llegar esta carta a modo de despedida.<\/p>\n<p>\u201cHan sido 15 a\u00f1os dedicados a poner en marcha y desarrollar un proyecto que comenz\u00f3 como un sue\u00f1o y que poco a poco se ha ido convirtiendo en uno de los festivales de referencia dentro y fuera de nuestras fronteras, superando todas nuestras expectativas. Experiencias de todo tipo, positivas y adversas, han jalonado un camino no siempre f\u00e1cil de seguir pero estimulante y lleno de nuevos retos, en el que hemos contado con la compa\u00f1\u00eda adecuada: un equipo humano al que agradecemos todos sus esfuerzos en pos de los objetivos que nos hemos ido marcando.<\/p>\n<p>No obstante, ha llegado el momento de comenzar una nueva etapa en la que, a buen seguro, nos involucraremos en nuevos proyectos que estar\u00e1n relacionados, de una u otra forma, con la gesti\u00f3n cultural.<\/p>\n<p>Desde aqu\u00ed, queremos agradecer el apoyo prestado a todos los que nos han ayudado a hacer realidad el Festival Internacional de Benic\u00e0ssim, y especialmente al Ayuntamiento de la ciudad, a la Diputaci\u00f3n de Castell\u00f3n y a la Generalitat Valenciana; a los distintos patrocinadores que han confiado en nosotros todos estos a\u00f1os, especialmente a Heineken; a los proveedores como Sold Out, a los medios de comunicaci\u00f3n; y muy especialmente a los asistentes, a los grupos y a Luis Calvo y Joako Ezpeleta. Le deseamos al Festival la mejor de las suertes para las ediciones venideras\u201d<\/p>\n<p>Jos\u00e9 Luis y Miguel Mor\u00e1n<\/p><\/blockquote>\n<p>Yo he llorado, sufrido, gozado y amado ese festival que vi nacer y crecer. Lo que sea que venga ya es otra cosa. Como <a href=\"http:\/\/www.elenacabrera.com\/weblog\/\u00bfdonde-estan-los-enemigos-publicos-en-la-literatura\/\">dec\u00edamos ayer<\/a>, no lo llamen monstruo, ll\u00e1menlo humano.<\/p>\n<p><a title=\"Secci\u00f3n complementos por elenac, en Flickr\" href=\"http:\/\/www.flickr.com\/photos\/elenac\/30742603\/\"><img loading=\"lazy\" decoding=\"async\" src=\"http:\/\/farm1.static.flickr.com\/23\/30742603_8fc80b4426.jpg\" alt=\"Secci\u00f3n complementos\" width=\"500\" height=\"375\" \/><\/a><\/p>\n<p><a title=\"Vitaminas FIB por elenac, en Flickr\" href=\"http:\/\/www.flickr.com\/photos\/elenac\/28602785\/\"><img loading=\"lazy\" decoding=\"async\" src=\"http:\/\/farm1.static.flickr.com\/23\/28602785_ca2abdce67.jpg\" alt=\"Vitaminas FIB\" width=\"375\" height=\"500\" \/><\/a><\/p>\n<p><a title=\"El cansancio (FIB 2002) por elenac, en Flickr\" href=\"http:\/\/www.flickr.com\/photos\/elenac\/192146580\/\"><img loading=\"lazy\" decoding=\"async\" src=\"http:\/\/farm1.static.flickr.com\/76\/192146580_296da5dc4e.jpg\" alt=\"El cansancio (FIB 2002)\" width=\"500\" height=\"333\" \/><\/a><\/p>\n<p><a title=\"Otro final (FIB 2002) por elenac, en Flickr\" href=\"http:\/\/www.flickr.com\/photos\/elenac\/192150172\/\"><img loading=\"lazy\" decoding=\"async\" src=\"http:\/\/farm1.static.flickr.com\/74\/192150172_59aa28c6cc.jpg\" alt=\"Otro final (FIB 2002)\" width=\"500\" height=\"333\" \/><\/a><\/p>\n<p><a title=\"No a la guerra por elenac, en Flickr\" href=\"http:\/\/www.flickr.com\/photos\/elenac\/16888433\/\"><img loading=\"lazy\" decoding=\"async\" src=\"http:\/\/farm1.static.flickr.com\/10\/16888433_79bd31824b.jpg\" alt=\"No a la guerra\" width=\"500\" height=\"333\" \/><\/a><\/p>\n<p><a title=\"Los \u00faltimos amantes por elenac, en Flickr\" href=\"http:\/\/www.flickr.com\/photos\/elenac\/199085171\/\"><img loading=\"lazy\" decoding=\"async\" src=\"http:\/\/farm1.static.flickr.com\/68\/199085171_db3b313155.jpg\" alt=\"Los \u00faltimos amantes\" width=\"500\" height=\"375\" \/><\/a><\/p>\n<p><a title=\"Esperando el FIN por elenac, en Flickr\" href=\"http:\/\/www.flickr.com\/photos\/elenac\/32758271\/\"><img loading=\"lazy\" decoding=\"async\" src=\"http:\/\/farm1.static.flickr.com\/22\/32758271_8265392ffb.jpg\" alt=\"Esperando el FIN\" width=\"500\" height=\"375\" \/><\/a><\/p>\n<p><a title=\"Un cl\u00e1sico por elenac, en Flickr\" href=\"http:\/\/www.flickr.com\/photos\/elenac\/31060018\/\"><img loading=\"lazy\" decoding=\"async\" src=\"http:\/\/farm1.static.flickr.com\/21\/31060018_e38038ec68.jpg\" alt=\"Un cl\u00e1sico\" width=\"500\" height=\"375\" \/><\/a><\/p>\n<p><a title=\"Rueda de prensa Robert Smith (otra vez) por elenac, en Flickr\" href=\"http:\/\/www.flickr.com\/photos\/elenac\/32757081\/\"><img loading=\"lazy\" decoding=\"async\" src=\"http:\/\/farm1.static.flickr.com\/23\/32757081_a0b88df578.jpg\" alt=\"Rueda de prensa Robert Smith (otra vez)\" width=\"500\" height=\"375\" \/><\/a><\/p>\n<p><a title=\"Cerrando p\u00e1ginas por elenac, en Flickr\" href=\"http:\/\/www.flickr.com\/photos\/elenac\/32758358\/\"><img loading=\"lazy\" decoding=\"async\" src=\"http:\/\/farm1.static.flickr.com\/21\/32758358_0a872ce1ea.jpg\" alt=\"Cerrando p\u00e1ginas\" width=\"500\" height=\"375\" \/><\/a><\/p>\n<p><a title=\"El cierre por elenac, en Flickr\" href=\"http:\/\/www.flickr.com\/photos\/elenac\/32757640\/\"><img loading=\"lazy\" decoding=\"async\" src=\"http:\/\/farm1.static.flickr.com\/22\/32757640_2a884503c4.jpg\" alt=\"El cierre\" width=\"500\" height=\"375\" \/><\/a><\/p>\n<p><a title=\"\u00bfRepes? por elenac, en Flickr\" href=\"http:\/\/www.flickr.com\/photos\/elenac\/95490808\/\"><img loading=\"lazy\" decoding=\"async\" src=\"http:\/\/farm1.static.flickr.com\/29\/95490808_eeeb83bba7.jpg\" alt=\"\u00bfRepes?\" width=\"500\" height=\"375\" \/><\/a><\/p>\n","protected":false},"excerpt":{"rendered":"<p>Ayer lleg\u00f3 una nota de prensa del Festival de Benic\u00e0ssim en la que se anunciaba al irland\u00e9s Vince Power como nuevo director del festival. Como consecuencia, Jose y Miguel Mor\u00e1n, quienes lo fundaron a partir del \u00e9xito de la Sala Maravillas en 1995, se desvinculan de la direcci\u00f3n. Hace unas semanas fue despedido parte del [&hellip;]<\/p>\n","protected":false},"author":1,"featured_media":0,"comment_status":"open","ping_status":"open","sticky":false,"template":"","format":"standard","meta":{"footnotes":""},"categories":[],"tags":[],"class_list":["post-2001298","post","type-post","status-publish","format-standard","hentry"],"_links":{"self":[{"href":"https:\/\/www.elenacabrera.com\/weblog3\/wp-json\/wp\/v2\/posts\/2001298","targetHints":{"allow":["GET"]}}],"collection":[{"href":"https:\/\/www.elenacabrera.com\/weblog3\/wp-json\/wp\/v2\/posts"}],"about":[{"href":"https:\/\/www.elenacabrera.com\/weblog3\/wp-json\/wp\/v2\/types\/post"}],"author":[{"embeddable":true,"href":"https:\/\/www.elenacabrera.com\/weblog3\/wp-json\/wp\/v2\/users\/1"}],"replies":[{"embeddable":true,"href":"https:\/\/www.elenacabrera.com\/weblog3\/wp-json\/wp\/v2\/comments?post=2001298"}],"version-history":[{"count":0,"href":"https:\/\/www.elenacabrera.com\/weblog3\/wp-json\/wp\/v2\/posts\/2001298\/revisions"}],"wp:attachment":[{"href":"https:\/\/www.elenacabrera.com\/weblog3\/wp-json\/wp\/v2\/media?parent=2001298"}],"wp:term":[{"taxonomy":"category","embeddable":true,"href":"https:\/\/www.elenacabrera.com\/weblog3\/wp-json\/wp\/v2\/categories?post=2001298"},{"taxonomy":"post_tag","embeddable":true,"href":"https:\/\/www.elenacabrera.com\/weblog3\/wp-json\/wp\/v2\/tags?post=2001298"}],"curies":[{"name":"wp","href":"https:\/\/api.w.org\/{rel}","templated":true}]}}