{"id":2001341,"date":"2009-12-14T17:03:42","date_gmt":"2009-12-14T16:03:42","guid":{"rendered":""},"modified":"2009-12-14T17:03:42","modified_gmt":"2009-12-14T16:03:42","slug":"contra-el-cd","status":"publish","type":"post","link":"https:\/\/www.elenacabrera.com\/weblog3\/2009\/12\/14\/contra-el-cd\/","title":{"rendered":"Contra el CD"},"content":{"rendered":"<p><img loading=\"lazy\" decoding=\"async\" class=\"alignleft\" title=\"cds muertos\" src=\"http:\/\/www.interempresas.net\/fotos\/29280.jpeg\" alt=\"\" width=\"265\" height=\"175\" \/>Debido a la turbulencia ocasionada por el intento del Ministerio de Cultura de colar en la Ley de Econom\u00eda Sostenible una soluci\u00f3n dr\u00e1stica e interesada a sus problemas con los defensores de los ingresos por derechos de autor (ya sab\u00e9is que me refiero al <a href=\"http:\/\/www.nodo50.org\/comunes\/?Manifiesto-En-defensa-de-los\">#manifiesto por los Derechos Fundamentales en Internet<\/a> y su <a href=\"http:\/\/www.nodo50.org\/comunes\/?Los-derechos-fundamentales-de\">par\u00f3dico anexo<\/a>), el equipo de ZEMOS98 decidi\u00f3, el jueves pasado, aparcar por un momento el calendario preestablecido para su podcast y programa de radio <a href=\"http:\/\/www.zemos98.org\/spip.php?rubrique=44&amp;rubrique=21\">Radioactivos<\/a> y sumar su reflexi\u00f3n a este asunto.<\/p>\n<p>Me pidieron que me sumara con algo que se relacionara con la m\u00fasica. Para ello escog\u00ed hacer un alegato contra el CD, apoy\u00e1ndome en unas declaraciones de Alejo Alberdi que se me quedaron fuera para <a href=\"http:\/\/www.elenacabrera.com\/weblog\/un-botin-entre-los-restos-de-un-naufragio\/\">el art\u00edculo sobre las cintas publicado en P\u00fablico<\/a>.<\/p>\n<p>Esta es mi pieza: <a href=\"http:\/\/blip.tv\/file\/2970922\">Escuchar en blip<\/a>.\u00a0<a href=\"http:\/\/blip.tv\/file\/get\/Elenac-ContraElCDParaRadioactivos894.ogg\">Descargar ogg<\/a>.<\/p>\n<p>Y este es el <a href=\"http:\/\/www.zemos98.org\/spip.php?article1413?rubrique=21\">programa completo<\/a>: <a href=\"http:\/\/blip.tv\/file\/get\/Zemos98-Radioactivos3x06685.mp3\">mp3<\/a>.<\/p>\n<p>Como no me f\u00edo de mi capacidad para la improvisaci\u00f3n, primero escrib\u00ed lo que quer\u00eda decir. Si os quer\u00e9is ahorraros mi monocorde tono discursivo, pod\u00e9is leer las notas en lugar de escuchar el audio <a href=\"http:\/\/docs.google.com\/View?id=d2tz8s9_53q2jzwjhd\">en este google doc<\/a>.<\/p>\n","protected":false},"excerpt":{"rendered":"<p>Debido a la turbulencia ocasionada por el intento del Ministerio de Cultura de colar en la Ley de Econom\u00eda Sostenible una soluci\u00f3n dr\u00e1stica e interesada a sus problemas con los defensores de los ingresos por derechos de autor (ya sab\u00e9is que me refiero al #manifiesto por los Derechos Fundamentales en Internet y su par\u00f3dico anexo), [&hellip;]<\/p>\n","protected":false},"author":1,"featured_media":0,"comment_status":"open","ping_status":"open","sticky":false,"template":"","format":"standard","meta":{"footnotes":""},"categories":[],"tags":[],"class_list":["post-2001341","post","type-post","status-publish","format-standard","hentry"],"_links":{"self":[{"href":"https:\/\/www.elenacabrera.com\/weblog3\/wp-json\/wp\/v2\/posts\/2001341","targetHints":{"allow":["GET"]}}],"collection":[{"href":"https:\/\/www.elenacabrera.com\/weblog3\/wp-json\/wp\/v2\/posts"}],"about":[{"href":"https:\/\/www.elenacabrera.com\/weblog3\/wp-json\/wp\/v2\/types\/post"}],"author":[{"embeddable":true,"href":"https:\/\/www.elenacabrera.com\/weblog3\/wp-json\/wp\/v2\/users\/1"}],"replies":[{"embeddable":true,"href":"https:\/\/www.elenacabrera.com\/weblog3\/wp-json\/wp\/v2\/comments?post=2001341"}],"version-history":[{"count":0,"href":"https:\/\/www.elenacabrera.com\/weblog3\/wp-json\/wp\/v2\/posts\/2001341\/revisions"}],"wp:attachment":[{"href":"https:\/\/www.elenacabrera.com\/weblog3\/wp-json\/wp\/v2\/media?parent=2001341"}],"wp:term":[{"taxonomy":"category","embeddable":true,"href":"https:\/\/www.elenacabrera.com\/weblog3\/wp-json\/wp\/v2\/categories?post=2001341"},{"taxonomy":"post_tag","embeddable":true,"href":"https:\/\/www.elenacabrera.com\/weblog3\/wp-json\/wp\/v2\/tags?post=2001341"}],"curies":[{"name":"wp","href":"https:\/\/api.w.org\/{rel}","templated":true}]}}