{"id":2001344,"date":"2009-12-14T18:49:33","date_gmt":"2009-12-14T16:49:33","guid":{"rendered":""},"modified":"2019-05-25T19:29:18","modified_gmt":"2019-05-25T17:29:18","slug":"el-castigo","status":"publish","type":"post","link":"https:\/\/www.elenacabrera.com\/weblog3\/2009\/12\/14\/el-castigo\/","title":{"rendered":"El castigo"},"content":{"rendered":"<p>Ya hace tiempo que me hab\u00eda dado cuenta que entre Haneke y yo hab\u00eda algo. Un romance como este me hab\u00eda ocurrido, al menos, en otras dos ocasiones: Cronenberg y Egoyan.<\/p>\n<p>Un d\u00eda lleg\u00f3 a manos de Elizabeth Smart un libro de poes\u00eda de George Baker y se enamor\u00f3 brutalmente de \u00e9l, sin conocerle.<\/p>\n<p>Ayer vi <em>Das weisse band<\/em>, <em>La cinta blanca<\/em>, la \u00faltima pel\u00edcula de Haneke que esta triunfando all\u00e1 por donde va. Un d\u00eda antes escuch\u00e9 a una presentadora del canal 24 H decir que la mejor pel\u00edcula en el Festival de Cine Europeo \u00abten\u00eda que haber sido <em>Los abrazos rotos<\/em> de Pedro Almod\u00f3var\u00bb pero fue <em>La cinta blanca<\/em> y que \u00abla mejor actriz ten\u00eda que haber sido Pen\u00e9lope Cruz\u00bb pero fue Kate Winslet; yo pensaba que la \u00e9poca de la propaganda espa\u00f1olista hab\u00eda terminado, tambi\u00e9n incluso en RTVE.<\/p>\n<p>De la tormentosa relaci\u00f3n de Elizabeth Smart con George Baker naci\u00f3 la literatura de aquella, y como quinto hijo de su amor por \u00e9l, <em>En Grand Central Station me sent\u00e9 y llor\u00e9<\/em>.<\/p>\n<p>Al ver la pel\u00edcula, algo se me hel\u00f3 dentro. La educaci\u00f3n protestante arruinando la vida de los ni\u00f1os, perpetuando la amputaci\u00f3n emocional de los padres, generando odio hacia la diferencia, \u00abun mundo de s\u00fabditos en el que todos est\u00e1n en guerra contra todos -los hombres entre si, los hombres con las mujeres, y los adultos contra los ni\u00f1os- y a la vez unidos en su sumisi\u00f3n a la autoridad y en el respeto a una agobiante sobrecarga de reglamentaciones basadas en la represi\u00f3n\u00bb, como <a href=\"http:\/\/www.lavanguardia.es\/cultura\/noticias\/20091213\/53843697779\/la-cinta-blanca-explica-lo-fundamental-del-nazismo.html\">ha escrito brillantemente Rafael Poch en su excelente rese\u00f1a en La Vanguardia<\/a>.<\/p>\n<p><img loading=\"lazy\" decoding=\"async\" class=\"aligncenter\" title=\"Das weisse band\" src=\"http:\/\/lh6.ggpht.com\/_cxfRKnUV0vA\/SupVpK2fjZI\/AAAAAAAAF2E\/HJw6ZCMPs5Y\/DasWeisseBand_thumb9.png?imgmax=800\" alt=\"\" width=\"671\" height=\"306\" \/><\/p>\n<p>Los titulares insist\u00edan en que la pel\u00edcula de Haneke trata sobre el nacimiento del nazismo. Lo olvid\u00e9 mientas ve\u00eda la pel\u00edcula. Despu\u00e9s, al leer sobre ella, no entend\u00eda porqu\u00e9 tanto titular sobre el nazismo, yo no lo hab\u00eda visto en la pel\u00edcula. Hab\u00eda visto la educaci\u00f3n, la religi\u00f3n, la severidad, la crueldad&#8230; \u00bfqu\u00e9 ni\u00f1o no lleva todo eso dentro de s\u00ed? Me parecieron sentimientos humanos exacerbados por la vida en una comunidad peque\u00f1a, controlada por sus l\u00edderes espirituales, econ\u00f3micos y pol\u00edticos (el p\u00e1rroco, el marqu\u00e9s, el administrador). M\u00e1s tarde ya pude entenderlo: esa generaci\u00f3n en concreto de ni\u00f1os criados en la Alemania inmediatamente anterior al inicio de la Primera Guerra Mundial son los que luego abrazar\u00e1n el r\u00e9gimen nazi. A pesar de la contextualizaci\u00f3n hist\u00f3rica de la pel\u00edcula, sigo sin creer que la historia que cuenta <em>La cinta blanca<\/em> sea la del origen del nazismo, como dicen los titulares. Es m\u00e1s, he le\u00eddo que Haneke tampoco est\u00e1 de acuerdo en que eso sea lo m\u00e1s importante.<\/p>\n<p>A\u00fan as\u00ed, esos ni\u00f1os nos recuerdan otros ni\u00f1os crueles de otras pel\u00edculas alemanas sobre el nazismo.<\/p>\n<p>La pel\u00edcula se estrena el 15 de enero. Creo que todo el mundo deber\u00eda ir al cine a verla, algo as\u00ed no sucede todos los d\u00edas. O quiz\u00e1 s\u00ed, pero no en una pantalla.<\/p>\n<p>Esta noche, en <a href=\"http:\/\/quiereshacerelfavor.wordpress.com\/\">\u00bfQuieres hacer el favor de leer esto, por favor?<\/a> hablaremos sobre Elizabeth Smart, para quien vida y literatura fueron siempre una misma cosa.<\/p>\n<p style=\"text-align: center;\"><img loading=\"lazy\" decoding=\"async\" class=\"aligncenter\" title=\"Elizabeth Smart\" src=\"http:\/\/editorial-consultancy.co.uk\/wp-content\/uploads\/2009\/10\/ElizabethSmart-300x299.jpg\" alt=\"\" width=\"300\" height=\"299\" \/><\/p>\n<p style=\"text-align: left;\">Actualizaci\u00f3n: <a href=\"http:\/\/quiereshacerelfavor.wordpress.com\/2009\/12\/14\/programa-14-non-omnis-moriar\/\">ya lo hemos hecho<\/a>.<\/p>\n<p style=\"text-align: center;\">\n","protected":false},"excerpt":{"rendered":"<p>Ya hace tiempo que me hab\u00eda dado cuenta que entre Haneke y yo hab\u00eda algo. Un romance como este me hab\u00eda ocurrido, al menos, en otras dos ocasiones: Cronenberg y Egoyan. Un d\u00eda lleg\u00f3 a manos de Elizabeth Smart un libro de poes\u00eda de George Baker y se enamor\u00f3 brutalmente de \u00e9l, sin conocerle. Ayer [&hellip;]<\/p>\n","protected":false},"author":1,"featured_media":0,"comment_status":"open","ping_status":"open","sticky":false,"template":"","format":"standard","meta":{"footnotes":""},"categories":[],"tags":[],"class_list":["post-2001344","post","type-post","status-publish","format-standard","hentry"],"_links":{"self":[{"href":"https:\/\/www.elenacabrera.com\/weblog3\/wp-json\/wp\/v2\/posts\/2001344","targetHints":{"allow":["GET"]}}],"collection":[{"href":"https:\/\/www.elenacabrera.com\/weblog3\/wp-json\/wp\/v2\/posts"}],"about":[{"href":"https:\/\/www.elenacabrera.com\/weblog3\/wp-json\/wp\/v2\/types\/post"}],"author":[{"embeddable":true,"href":"https:\/\/www.elenacabrera.com\/weblog3\/wp-json\/wp\/v2\/users\/1"}],"replies":[{"embeddable":true,"href":"https:\/\/www.elenacabrera.com\/weblog3\/wp-json\/wp\/v2\/comments?post=2001344"}],"version-history":[{"count":1,"href":"https:\/\/www.elenacabrera.com\/weblog3\/wp-json\/wp\/v2\/posts\/2001344\/revisions"}],"predecessor-version":[{"id":2002002656,"href":"https:\/\/www.elenacabrera.com\/weblog3\/wp-json\/wp\/v2\/posts\/2001344\/revisions\/2002002656"}],"wp:attachment":[{"href":"https:\/\/www.elenacabrera.com\/weblog3\/wp-json\/wp\/v2\/media?parent=2001344"}],"wp:term":[{"taxonomy":"category","embeddable":true,"href":"https:\/\/www.elenacabrera.com\/weblog3\/wp-json\/wp\/v2\/categories?post=2001344"},{"taxonomy":"post_tag","embeddable":true,"href":"https:\/\/www.elenacabrera.com\/weblog3\/wp-json\/wp\/v2\/tags?post=2001344"}],"curies":[{"name":"wp","href":"https:\/\/api.w.org\/{rel}","templated":true}]}}