{"id":2001372,"date":"2010-01-26T22:27:56","date_gmt":"2010-01-26T21:27:56","guid":{"rendered":""},"modified":"2010-01-27T10:55:19","modified_gmt":"2010-01-27T09:55:19","slug":"adios-secciones-adios-portadillas","status":"publish","type":"post","link":"https:\/\/www.elenacabrera.com\/weblog3\/2010\/01\/26\/adios-secciones-adios-portadillas\/","title":{"rendered":"Adi\u00f3s secciones, adi\u00f3s portadillas"},"content":{"rendered":"<p>Han pasado 15 d\u00edas desde que empec\u00e9 a trabajar en <a href=\"http:\/\/www.lanformacion.com\">lainformacion.com<\/a>. Hab\u00eda escrito \u00aben la secci\u00f3n de cultura de lainformacion.com\u00bb pero lo he borrado despu\u00e9s de pensarlo un poco. Ni en lainformacion.com hay secciones (salvo, quiz\u00e1, deportes y econom\u00eda) ni podemos considerar cultura una secci\u00f3n en cualquier caso, pues s\u00f3lo estoy yo.<\/p>\n<p>Esta redacci\u00f3n tiene algunas ventajas respecto a otras. La principal es que los redactores especializados, como es mi caso, podemos dedicarnos a hacer lo que sabemos hacer, ya que de los teletipos y noticias de \u00faltima hora se encargan los redactores de lo que suele llamarse mesa central (aunque, en este caso, no est\u00e1 en el centro) o mesa de actualizaci\u00f3n.<\/p>\n<p>Para leer lo que escribo hay que cazarme al vuelo en la home pues en este peri\u00f3dico tampoco existen las portadillas. El motivo, supongo, es el que dio Nacho Escolar el otro d\u00eda, y es que nadie mira las portadillas, s\u00f3lo los periodistas, para leer lo que da la competencia. Tambi\u00e9n voy lanzando desde <a href=\"http:\/\/twitter.com\/elenac\">Twitter<\/a> links a lo que publico.<\/p>\n<p>Por lo tanto, y para no perderme, voy reuniendo en la cl\u00e1sica p\u00e1gina <a href=\"http:\/\/www.elenacabrera.com\/weblog\/leeme\/\">L\u00e9eme<\/a> los links a los art\u00edculos que voy publicando. No todos, s\u00f3lo los que tengan alg\u00fan inter\u00e9s.<\/p>\n<p>Lo que m\u00e1s me gusta de lo que he escrito estas dos semanas es el art\u00edculo sobre el <a href=\"http:\/\/noticias.lainformacion.com\/arte-cultura-y-espectaculos\/fotografia\/vuelve-la-fotografia-obrera_JSAkPMh74yL6l3p4jPYdr4\/\">movimiento de fotograf\u00eda obrera<\/a>, del que ha habido un seminario en Madrid para caldear los \u00e1nimos de cara a una exposici\u00f3n que est\u00e1 preparando el Reina Sof\u00eda para el a\u00f1o que viene. Habl\u00e9 con <strong>Jorge Ribalta<\/strong>, su comisario, y aprend\u00ed mucho. <a href=\"http:\/\/fotos.lainformacion.com\/arte-cultura-y-espectaculos\/fotografia\/una-historia-politica-del-origen-de-la-foto-moderna_F_MmZnrWF400I4A1KMsRAgJ\/\">Fotogaler\u00eda de regalo<\/a>.<\/p>\n<p>Otro tema del que he aprendido es <a href=\"http:\/\/noticias.lainformacion.com\/arte-cultura-y-espectaculos\/literatura\/una-fiebre-libertina-sacude-las-librerias_sMNiQpiZxc52iaYws2hOT1\/\">sobre los libertinos<\/a>. Este art\u00edculo lo he publicado hoy. Me hubiera gustado contar con declaraciones de m\u00e1s expertos pero no consegu\u00ed que me respondieran los emails algunas de las personas con las que intent\u00e9 contactar.<\/p>\n<p>Ma\u00f1ana encontrar\u00e9is un art\u00edculo sobre <a href=\"http:\/\/noticias.lainformacion.com\/arte-cultura-y-espectaculos\/caricaturas\/silencio-critico-entorno-al-comic-del-11-m_ULEnyZYRNTRDzy7zlybR16\/\">el c\u00f3mic del 11-M que fue guionizado por Toni Guiral y Pepe G\u00e1lvez<\/a>.<\/p>\n","protected":false},"excerpt":{"rendered":"<p>Han pasado 15 d\u00edas desde que empec\u00e9 a trabajar en lainformacion.com. Hab\u00eda escrito \u00aben la secci\u00f3n de cultura de lainformacion.com\u00bb pero lo he borrado despu\u00e9s de pensarlo un poco. Ni en lainformacion.com hay secciones (salvo, quiz\u00e1, deportes y econom\u00eda) ni podemos considerar cultura una secci\u00f3n en cualquier caso, pues s\u00f3lo estoy yo. Esta redacci\u00f3n tiene [&hellip;]<\/p>\n","protected":false},"author":1,"featured_media":0,"comment_status":"open","ping_status":"open","sticky":false,"template":"","format":"standard","meta":{"footnotes":""},"categories":[],"tags":[],"class_list":["post-2001372","post","type-post","status-publish","format-standard","hentry"],"_links":{"self":[{"href":"https:\/\/www.elenacabrera.com\/weblog3\/wp-json\/wp\/v2\/posts\/2001372","targetHints":{"allow":["GET"]}}],"collection":[{"href":"https:\/\/www.elenacabrera.com\/weblog3\/wp-json\/wp\/v2\/posts"}],"about":[{"href":"https:\/\/www.elenacabrera.com\/weblog3\/wp-json\/wp\/v2\/types\/post"}],"author":[{"embeddable":true,"href":"https:\/\/www.elenacabrera.com\/weblog3\/wp-json\/wp\/v2\/users\/1"}],"replies":[{"embeddable":true,"href":"https:\/\/www.elenacabrera.com\/weblog3\/wp-json\/wp\/v2\/comments?post=2001372"}],"version-history":[{"count":0,"href":"https:\/\/www.elenacabrera.com\/weblog3\/wp-json\/wp\/v2\/posts\/2001372\/revisions"}],"wp:attachment":[{"href":"https:\/\/www.elenacabrera.com\/weblog3\/wp-json\/wp\/v2\/media?parent=2001372"}],"wp:term":[{"taxonomy":"category","embeddable":true,"href":"https:\/\/www.elenacabrera.com\/weblog3\/wp-json\/wp\/v2\/categories?post=2001372"},{"taxonomy":"post_tag","embeddable":true,"href":"https:\/\/www.elenacabrera.com\/weblog3\/wp-json\/wp\/v2\/tags?post=2001372"}],"curies":[{"name":"wp","href":"https:\/\/api.w.org\/{rel}","templated":true}]}}