{"id":2001379,"date":"2010-01-28T15:25:49","date_gmt":"2010-01-28T14:25:49","guid":{"rendered":""},"modified":"2010-01-28T15:27:17","modified_gmt":"2010-01-28T14:27:17","slug":"la-mujer-alga","status":"publish","type":"post","link":"https:\/\/www.elenacabrera.com\/weblog3\/2010\/01\/28\/la-mujer-alga\/","title":{"rendered":"La mujer-alga"},"content":{"rendered":"<p>Muy buenas. Hoy varios peri\u00f3dicos han hablado de <strong>Maruja Mallo<\/strong>. Yo tambi\u00e9n lo habr\u00eda hecho pero he llegado tarde. El Pa\u00eds habla de sus <a href=\"http:\/\/www.elpais.com\/articulo\/cultura\/espigas\/surrealistas\/Maruja\/Mallo\/elpepucul\/20100127elpepucul_6\/Tes\">\u00abespigas surrealistas\u00bb<\/a> y P\u00fablico la llama <a href=\"http:\/\/www.publico.es\/culturas\/289507\/meiga\">\u00abla meiga de Dal\u00ed\u00bb<\/a>.<\/p>\n<p>Naci\u00f3 en Viveiro y cuando se vino a vivir a Madrid estudi\u00f3 pintura en la Academia de Bellas Artes de San Fernando y es ah\u00ed donde ahora recuperan su obra para hacerle una retrospectiva a la que, est\u00e1 claro, tengo que ir.<\/p>\n<p>Fue una artista de la vanguardia olvidada, con mucho car\u00e1cter y talento.<\/p>\n<p>Se hizo esta foto, como una mujer-alga, en una playa de Chile en 1945. Enseguida me he identificado con ella:<\/p>\n<p style=\"text-align: center;\"><img decoding=\"async\" class=\"aligncenter\" src=\"http:\/\/www.elpais.com\/recorte\/20100127elpepucul_9\/LCO340\/Ies\/Maruja_Mallo_manto_algas_Chile_s_f.jpg\" alt=\"\" \/><\/p>\n<p>\u00abEra una rebelde y una insumisa. Era un bruja\u00bb <a href=\"http:\/\/www.publico.es\/culturas\/289507\/meiga\">dijo<\/a> en la inauguraci\u00f3n de ayer Antonio Bonet Correa, director de la Academia. Guillaume Fourmont escribe en P\u00fablico:\u00a0 \u00ab<em>Antro de f\u00f3siles<\/em>, cuadro de 1930 que se expone por primera vez al p\u00fablico. La obra desaparecida desde 1932 y hallada en una subasta el pasado mes de diciembre es un \u00f3leo sobre lienzo que representa la muerte con esqueletos de seres humanos y de lagartos. Se nota la influencia del surrealismo. Es la llamada \u00abetapa negra\u00bb de Mallo\u00bb.<\/p>\n<p style=\"text-align: center;\"><img decoding=\"async\" class=\"aligncenter\" src=\"http:\/\/www.elpais.com\/recorte\/20100127elpepucul_11\/LCO340\/Ies\/Antro_fosiles.jpg\" alt=\"\" \/><\/p>\n","protected":false},"excerpt":{"rendered":"<p>Muy buenas. Hoy varios peri\u00f3dicos han hablado de Maruja Mallo. Yo tambi\u00e9n lo habr\u00eda hecho pero he llegado tarde. El Pa\u00eds habla de sus \u00abespigas surrealistas\u00bb y P\u00fablico la llama \u00abla meiga de Dal\u00ed\u00bb. Naci\u00f3 en Viveiro y cuando se vino a vivir a Madrid estudi\u00f3 pintura en la Academia de Bellas Artes de San [&hellip;]<\/p>\n","protected":false},"author":1,"featured_media":0,"comment_status":"open","ping_status":"open","sticky":false,"template":"","format":"standard","meta":{"footnotes":""},"categories":[],"tags":[],"class_list":["post-2001379","post","type-post","status-publish","format-standard","hentry"],"_links":{"self":[{"href":"https:\/\/www.elenacabrera.com\/weblog3\/wp-json\/wp\/v2\/posts\/2001379","targetHints":{"allow":["GET"]}}],"collection":[{"href":"https:\/\/www.elenacabrera.com\/weblog3\/wp-json\/wp\/v2\/posts"}],"about":[{"href":"https:\/\/www.elenacabrera.com\/weblog3\/wp-json\/wp\/v2\/types\/post"}],"author":[{"embeddable":true,"href":"https:\/\/www.elenacabrera.com\/weblog3\/wp-json\/wp\/v2\/users\/1"}],"replies":[{"embeddable":true,"href":"https:\/\/www.elenacabrera.com\/weblog3\/wp-json\/wp\/v2\/comments?post=2001379"}],"version-history":[{"count":0,"href":"https:\/\/www.elenacabrera.com\/weblog3\/wp-json\/wp\/v2\/posts\/2001379\/revisions"}],"wp:attachment":[{"href":"https:\/\/www.elenacabrera.com\/weblog3\/wp-json\/wp\/v2\/media?parent=2001379"}],"wp:term":[{"taxonomy":"category","embeddable":true,"href":"https:\/\/www.elenacabrera.com\/weblog3\/wp-json\/wp\/v2\/categories?post=2001379"},{"taxonomy":"post_tag","embeddable":true,"href":"https:\/\/www.elenacabrera.com\/weblog3\/wp-json\/wp\/v2\/tags?post=2001379"}],"curies":[{"name":"wp","href":"https:\/\/api.w.org\/{rel}","templated":true}]}}