{"id":2001386,"date":"2010-02-14T14:10:44","date_gmt":"2010-02-14T13:10:44","guid":{"rendered":""},"modified":"2010-02-14T14:10:44","modified_gmt":"2010-02-14T13:10:44","slug":"hay-pan-en-el-horno","status":"publish","type":"post","link":"https:\/\/www.elenacabrera.com\/weblog3\/2010\/02\/14\/hay-pan-en-el-horno\/","title":{"rendered":"Hay pan en el horno"},"content":{"rendered":"<p>El poder de evocaci\u00f3n que ejerce durante dos segundos un olor puede trastocarme durante cuatro o cinco d\u00edas. Esta semana Adriano me dio un trozo de pan, de bollo, con la corteza muy tostada y el interior harinoso. Ese trozo de pan no ten\u00eda sentido en la cocina de la redacci\u00f3n de un peri\u00f3dico en un barrio feo de Madrid, por lo que cerr\u00e9 los ojos mientras lo ol\u00ed. Luego el sabor no import\u00f3 tanto. Pero el olor durante dos segundos en primer plano sobre fondo negro me parti\u00f3 en dos y hubo dos Elenas viviendo la tarde y manteniendo las apariencias.<\/p>\n<p>Es dif\u00edcil ser dos y ocupar el espacio de uno, saber qu\u00e9 contestar sin pensarlo antes o teclear a cuatro manos. Dos personas piensan dos cosas distintas, pese a que cierta telepat\u00eda emocional las conecte milagrosamente. Pensar lo mismo no es estar de acuerdo, quiz\u00e1 s\u00ed es desear algo al mismo tiempo pero no por los mismos motivos. Y as\u00ed, las dos Elenas sobreviven el paso de la tarde, una pensando en las evocaciones del olor del pan y la otra disimulando las faltas de su hermana, poniendo parches en las tuber\u00edas rotas y aparentando, como todas las tardes, ser quien es.<\/p>\n<p>Hab\u00eda empezado a olvidar el duro trabajo que resulta defenderte como eres cuando pasas el d\u00eda rodeado de personas. En el aislamiento del trabajo en casa te olvidas de pensar en qui\u00e9n eres, c\u00f3mo eres y qu\u00e9 debes hacer; vas poniendo unas piezas encima de las otras y as\u00ed construyes. En cambio, para compartir tu espacio con muchas personas, las mismas personas, todos los d\u00edas, pasas la jornada poniendo piezas pero no para construir un jard\u00edn sino una fortaleza con su foso.<\/p>\n<p>Dos segundos oliendo el mendrugo de pan provoc\u00f3 que una de las Elenas se apoyara torpemente sobre su construcci\u00f3n de piezas, su Exin Castillos, y cayeran sobre la moqueta de la redacci\u00f3n en avalancha de piezas desparramadas con fuerza.<\/p>\n<p>Hoxe vou facer orellas do entroido. \u00bfQueredes?<\/p>\n","protected":false},"excerpt":{"rendered":"<p>El poder de evocaci\u00f3n que ejerce durante dos segundos un olor puede trastocarme durante cuatro o cinco d\u00edas. Esta semana Adriano me dio un trozo de pan, de bollo, con la corteza muy tostada y el interior harinoso. Ese trozo de pan no ten\u00eda sentido en la cocina de la redacci\u00f3n de un peri\u00f3dico en [&hellip;]<\/p>\n","protected":false},"author":1,"featured_media":0,"comment_status":"open","ping_status":"open","sticky":false,"template":"","format":"standard","meta":{"footnotes":""},"categories":[],"tags":[],"class_list":["post-2001386","post","type-post","status-publish","format-standard","hentry"],"_links":{"self":[{"href":"https:\/\/www.elenacabrera.com\/weblog3\/wp-json\/wp\/v2\/posts\/2001386","targetHints":{"allow":["GET"]}}],"collection":[{"href":"https:\/\/www.elenacabrera.com\/weblog3\/wp-json\/wp\/v2\/posts"}],"about":[{"href":"https:\/\/www.elenacabrera.com\/weblog3\/wp-json\/wp\/v2\/types\/post"}],"author":[{"embeddable":true,"href":"https:\/\/www.elenacabrera.com\/weblog3\/wp-json\/wp\/v2\/users\/1"}],"replies":[{"embeddable":true,"href":"https:\/\/www.elenacabrera.com\/weblog3\/wp-json\/wp\/v2\/comments?post=2001386"}],"version-history":[{"count":0,"href":"https:\/\/www.elenacabrera.com\/weblog3\/wp-json\/wp\/v2\/posts\/2001386\/revisions"}],"wp:attachment":[{"href":"https:\/\/www.elenacabrera.com\/weblog3\/wp-json\/wp\/v2\/media?parent=2001386"}],"wp:term":[{"taxonomy":"category","embeddable":true,"href":"https:\/\/www.elenacabrera.com\/weblog3\/wp-json\/wp\/v2\/categories?post=2001386"},{"taxonomy":"post_tag","embeddable":true,"href":"https:\/\/www.elenacabrera.com\/weblog3\/wp-json\/wp\/v2\/tags?post=2001386"}],"curies":[{"name":"wp","href":"https:\/\/api.w.org\/{rel}","templated":true}]}}