{"id":2001400,"date":"2010-02-23T10:46:50","date_gmt":"2010-02-23T09:46:50","guid":{"rendered":""},"modified":"2010-02-23T11:44:45","modified_gmt":"2010-02-23T10:44:45","slug":"lo-mio-con-sober","status":"publish","type":"post","link":"https:\/\/www.elenacabrera.com\/weblog3\/2010\/02\/23\/lo-mio-con-sober\/","title":{"rendered":"Lo m\u00edo con S\u00f4ber"},"content":{"rendered":"<p>S\u00f4ber y Savia son grupos a los que tengo cari\u00f1o (con Skizoo no tuve roce) porque los entrevist\u00e9 estando en MTV.es y porque me encantan los chicos que van de malotes pero luego son un pedazo de pan. Tambi\u00e9n porque me agrada que gente que vende tanto en este pa\u00eds no me vengan con actitudes y, por \u00faltimo, porque me impact\u00f3 la muerte de Alberto Madrid en un accidente en la M-40 unos meses despu\u00e9s de haberle entrevistado. Me hab\u00eda ca\u00eddo tan bien.<\/p>\n<p>El viernes pasado fuimos a su estudio de grabaci\u00f3n y pudimos\u00a0 hablar un poco con ellos. Lainformacion.com es el primer medio online (y, en realidad, el primer medio) en dar las primeras im\u00e1genes del grupo reunificado, amigos de nuevo:<\/p>\n<p><object classid=\"clsid:d27cdb6e-ae6d-11cf-96b8-444553540000\" width=\"500\" height=\"320\" codebase=\"http:\/\/download.macromedia.com\/pub\/shockwave\/cabs\/flash\/swflash.cab#version=6,0,40,0\"><param name=\"data\" value=\"http:\/\/player.lainformacion.com\/imgfiles\/front\/player\/proyectoi_flashplayer.swf\" \/><param name=\"quality\" value=\"high\" \/><param name=\"loop\" value=\"false\" \/><param name=\"allowscriptaccess\" value=\"always\" \/><param name=\"allowfullscreen\" value=\"true\" \/><param name=\"wmode\" value=\"window\" \/><param name=\"play\" value=\"true\" \/><param name=\"src\" value=\"http:\/\/player.lainformacion.com\/imgfiles\/front\/player\/proyectoi_flashplayer.swf\" \/><param name=\"flashvars\" value=\"host=http:\/\/player.lainformacion.com&amp;tipo=1&amp;idvideo=4sHYTIG0Y77EOd0hLGL8A5&amp;start=0&amp;end=&amp;host_ext=http:\/\/xml.utils.lainformacion.com\/videoservices\" \/><embed type=\"application\/x-shockwave-flash\" width=\"500\" height=\"320\" src=\"http:\/\/player.lainformacion.com\/imgfiles\/front\/player\/proyectoi_flashplayer.swf\" flashvars=\"host=http:\/\/player.lainformacion.com&amp;tipo=1&amp;idvideo=4sHYTIG0Y77EOd0hLGL8A5&amp;start=0&amp;end=&amp;host_ext=http:\/\/xml.utils.lainformacion.com\/videoservices\" play=\"true\" wmode=\"window\" allowfullscreen=\"true\" allowscriptaccess=\"always\" loop=\"false\" quality=\"high\" data=\"http:\/\/player.lainformacion.com\/imgfiles\/front\/player\/proyectoi_flashplayer.swf\"><\/embed><\/object><\/p>\n","protected":false},"excerpt":{"rendered":"<p>S\u00f4ber y Savia son grupos a los que tengo cari\u00f1o (con Skizoo no tuve roce) porque los entrevist\u00e9 estando en MTV.es y porque me encantan los chicos que van de malotes pero luego son un pedazo de pan. Tambi\u00e9n porque me agrada que gente que vende tanto en este pa\u00eds no me vengan con actitudes [&hellip;]<\/p>\n","protected":false},"author":1,"featured_media":0,"comment_status":"open","ping_status":"open","sticky":false,"template":"","format":"standard","meta":{"footnotes":""},"categories":[],"tags":[],"class_list":["post-2001400","post","type-post","status-publish","format-standard","hentry"],"_links":{"self":[{"href":"https:\/\/www.elenacabrera.com\/weblog3\/wp-json\/wp\/v2\/posts\/2001400","targetHints":{"allow":["GET"]}}],"collection":[{"href":"https:\/\/www.elenacabrera.com\/weblog3\/wp-json\/wp\/v2\/posts"}],"about":[{"href":"https:\/\/www.elenacabrera.com\/weblog3\/wp-json\/wp\/v2\/types\/post"}],"author":[{"embeddable":true,"href":"https:\/\/www.elenacabrera.com\/weblog3\/wp-json\/wp\/v2\/users\/1"}],"replies":[{"embeddable":true,"href":"https:\/\/www.elenacabrera.com\/weblog3\/wp-json\/wp\/v2\/comments?post=2001400"}],"version-history":[{"count":0,"href":"https:\/\/www.elenacabrera.com\/weblog3\/wp-json\/wp\/v2\/posts\/2001400\/revisions"}],"wp:attachment":[{"href":"https:\/\/www.elenacabrera.com\/weblog3\/wp-json\/wp\/v2\/media?parent=2001400"}],"wp:term":[{"taxonomy":"category","embeddable":true,"href":"https:\/\/www.elenacabrera.com\/weblog3\/wp-json\/wp\/v2\/categories?post=2001400"},{"taxonomy":"post_tag","embeddable":true,"href":"https:\/\/www.elenacabrera.com\/weblog3\/wp-json\/wp\/v2\/tags?post=2001400"}],"curies":[{"name":"wp","href":"https:\/\/api.w.org\/{rel}","templated":true}]}}