{"id":200142,"date":"2009-01-13T19:57:39","date_gmt":"2009-01-13T17:57:39","guid":{"rendered":""},"modified":"2019-05-25T20:34:31","modified_gmt":"2019-05-25T18:34:31","slug":"menos-publico-mas-privado","status":"publish","type":"post","link":"https:\/\/www.elenacabrera.com\/weblog3\/2009\/01\/13\/menos-publico-mas-privado\/","title":{"rendered":"Menos P\u00fablico, m\u00e1s privado"},"content":{"rendered":"<p>Como <a href=\"http:\/\/www.escolar.net\/MT\/archives\/2009\/01\/publico-cambia-de-director.html\">ya todo el mundo sabe<\/a> Nacho Escolar ha sido destituido de la direcci\u00f3n de P\u00fablico.<\/p>\n<p>Me entero de la noticia en la redacci\u00f3n de ADN.es, que como <a href=\"http:\/\/www.elenacabrera.com\/weblog\/?p=121\">tambi\u00e9n todo el mundo sabe<\/a> est\u00e1 en una situaci\u00f3n de chin-chin. Y se me cae el mundo a los pies. La confianza y la fe con la que le\u00eda y compraba P\u00fablico es pisoteada, al igual que ha ocurrido con otros medios.<\/p>\n<p>Qu\u00e9 poco duran los sue\u00f1os.<\/p>\n<p>Leyendo la noticia de El Pa\u00eds me he re\u00eddo:<\/p>\n<blockquote><p><em>P\u00fablico<\/em> fue lanzado en 2007 por Mediapro, productora a cuyo frente est\u00e1 Jaume Roures, como un diario <span style=\"color: #ff0000;\"><strong>dirigido a lectores \u00abj\u00f3venes<\/strong><\/span> y urbanos\u00bb.<\/p>\n<p>F\u00e9lix Monteira, <span style=\"color: #ff0000;\"><strong>de 58 a\u00f1os<\/strong><\/span>, ha desarrollado (&#8230;) Ignacio Escolar, nacido en Burgos en <span style=\"color: #ff0000;\"><strong>1975<\/strong><\/span> (&#8230;)<\/p><\/blockquote>\n<p>Con todo el respeto a un periodista que no conozco pero, \u00bfc\u00f3mo va a dirigir un peri\u00f3dico dirigido a un p\u00fablico joven un profesional de 58 a\u00f1os?<\/p>\n<p>Y me duele decir esto, porque odio el culto a la juventud pero, en este caso, no veo el asunto por triplicado. Primero, porque me gustaba que Nacho estuviera ah\u00ed, porque era su diario. Segundo, por el tema de un diretor joven para un p\u00fablico joven. Y tercero, porque Monteira ha dicho que lo suyo es el periodismo tradicional y que lleva <a href=\"http:\/\/www.soitu.es\/soitu\/2009\/01\/13\/sociedadcableada\/1231850692_105724.html\">\u00abEl ADN de El Pa\u00eds en las venas\u00bb<\/a> seg\u00fan dijo en su email de despedida a la redacci\u00f3n de El Pa\u00eds Galicia, y no s\u00e9 si es eso lo que yo querr\u00eda para el peri\u00f3dico a la izquierda de El Pa\u00eds que yo quer\u00eda leer.<\/p>\n","protected":false},"excerpt":{"rendered":"<p>Como ya todo el mundo sabe Nacho Escolar ha sido destituido de la direcci\u00f3n de P\u00fablico. Me entero de la noticia en la redacci\u00f3n de ADN.es, que como tambi\u00e9n todo el mundo sabe est\u00e1 en una situaci\u00f3n de chin-chin. Y se me cae el mundo a los pies. La confianza y la fe con la [&hellip;]<\/p>\n","protected":false},"author":1,"featured_media":0,"comment_status":"open","ping_status":"open","sticky":false,"template":"","format":"standard","meta":{"footnotes":""},"categories":[2],"tags":[],"class_list":["post-200142","post","type-post","status-publish","format-standard","hentry","category-twentytwentyfive"],"_links":{"self":[{"href":"https:\/\/www.elenacabrera.com\/weblog3\/wp-json\/wp\/v2\/posts\/200142","targetHints":{"allow":["GET"]}}],"collection":[{"href":"https:\/\/www.elenacabrera.com\/weblog3\/wp-json\/wp\/v2\/posts"}],"about":[{"href":"https:\/\/www.elenacabrera.com\/weblog3\/wp-json\/wp\/v2\/types\/post"}],"author":[{"embeddable":true,"href":"https:\/\/www.elenacabrera.com\/weblog3\/wp-json\/wp\/v2\/users\/1"}],"replies":[{"embeddable":true,"href":"https:\/\/www.elenacabrera.com\/weblog3\/wp-json\/wp\/v2\/comments?post=200142"}],"version-history":[{"count":1,"href":"https:\/\/www.elenacabrera.com\/weblog3\/wp-json\/wp\/v2\/posts\/200142\/revisions"}],"predecessor-version":[{"id":2002002019,"href":"https:\/\/www.elenacabrera.com\/weblog3\/wp-json\/wp\/v2\/posts\/200142\/revisions\/2002002019"}],"wp:attachment":[{"href":"https:\/\/www.elenacabrera.com\/weblog3\/wp-json\/wp\/v2\/media?parent=200142"}],"wp:term":[{"taxonomy":"category","embeddable":true,"href":"https:\/\/www.elenacabrera.com\/weblog3\/wp-json\/wp\/v2\/categories?post=200142"},{"taxonomy":"post_tag","embeddable":true,"href":"https:\/\/www.elenacabrera.com\/weblog3\/wp-json\/wp\/v2\/tags?post=200142"}],"curies":[{"name":"wp","href":"https:\/\/api.w.org\/{rel}","templated":true}]}}