{"id":2001420,"date":"2010-03-10T21:57:56","date_gmt":"2010-03-10T20:57:56","guid":{"rendered":""},"modified":"2010-03-10T22:00:14","modified_gmt":"2010-03-10T21:00:14","slug":"los-coches-son-asesinos-y-los-peatones-suicidas","status":"publish","type":"post","link":"https:\/\/www.elenacabrera.com\/weblog3\/2010\/03\/10\/los-coches-son-asesinos-y-los-peatones-suicidas\/","title":{"rendered":"Los coches son asesinos y los peatones, suicidas"},"content":{"rendered":"<p>Hoy ha sido mi primer d\u00eda circulando en moto por Madrid. Mi bella Kymko Like 125 negra con destellos azules y yo, con mi enorme casco, mi chaqueta air-bag y mis guantes de orangut\u00e1n.<\/p>\n<p>He aprendido algunas cosas sobre el tr\u00e1fico de Madrid, siendo la primera y m\u00e1s importante la que titula este post: los coches son asesinos y los peatones son suicidas. A pesar de ser yo, en otros momentos del d\u00eda, automovilista y peat\u00f3n, nunca me he visto tan culpable de actos tan arriesgados como les he visto cometer a ellos hoy.<\/p>\n<p>Los coches no consideran que las motos tengan tantos privilegios como el resto de coches, por ello, si un autom\u00f3vil est\u00e1 asomando el morro desde una calle con ceda el paso, dejar\u00e1 pasar a los coches que vienen pero no a la moto. Por tres veces hoy he tenido que frenar para que no me comieran las fauces de esos enormes bichos de hojalata con cuatro ruedas, radio y calefacci\u00f3n. \u00a1Cu\u00e1nto he echado hoy esas tres cosas de menos! Mientras se me congelaban las yemas de los dedos pensaba en nuestro viejo Xantia.<\/p>\n<p>Y luego est\u00e1n los peatones, que opinan de las motos lo mismo que los coches: que se joda el motorista. Y, bajo esa regla, salen inesperadamente entre dos coches por medio de la calzada, se bajan de sus taxis sin mirar y cruzan por lugares por donde yo no veo un paso de cebra.<\/p>\n<p>Todos miran mal a los motoristas salvo los que van en otras motos. A no ser que la otra moto sea m\u00e1s grande o corra m\u00e1s que la tuya, que en mi caso es lo m\u00e1s usual.<\/p>\n<p>El problema m\u00e1s grande con el que me encuentro es el aparcamiento de la moto: no tengo fuerza para subirla al caballete. A pesar de que hoy he aprendido un truco, al llegar a casa he comprobado que el truco s\u00f3lo funciona en llano. En cuesta, que es donde yo vivo, provoca mis sudores, desesperaci\u00f3n y casi, casi, llanto por impotencia. Hoy ha sucedido lo mismo que me ocurr\u00eda cuando era una conductora inexperta y tras retener el tr\u00e1fico de una calle estrecha durante diez minutos alguien se ofrec\u00eda a aparcar el Ibiza por m\u00ed. Ahora, cuando lo recuerdo, pienso que deb\u00eda estar loca al dejar que un desconocido se pusiera al volante de mi coche para aparcarlo. En aquel entonces la desesperaci\u00f3n me hac\u00eda confiar en los que me prestaban su ayuda. Esta noche, delante de casa, un vecino desconocido ha pasado delante de mis rid\u00edculos esfuerzos por levantar la moto sobre su caballete. El chico llevaba una bolsa de basura. Al rato, ha vuelto sobre sus pasos y, con su mejor sonrisa, ha preguntado \u00bfquieres que te ayude?<\/p>\n<p>Con mi mejor sonrisa me he levanto la visera del casco y le he contestado: estar\u00eda genial.<\/p>\n<p>Otra cosa aprendida hoy: no puedo ir en falda y en moto a la vez. Creo que he cogido todas las posibles infecciones del mundo por culpa del fr\u00edo. Apenas tengo pantalones y odio los vaqueros, de manera que vislumbro un futuro cercano y continuo de cambios de ropa en el lavabo de la redacci\u00f3n.<\/p>\n<p>Y el firme. \u00bfPor qu\u00e9 lo llaman firme si parece un camino de cabras? Cuando circulas con el coche por Madrid crees que el suelo es recto y no te importan los agujeros. Con la moto, en cambio, los veo todos muy de cerca y boto de miedo incluso antes de llegar a ellos. Madrid est\u00e1 lleno de hoyos, baches, tremendos agujeros en el asfalto. \u00a1Es una verg\u00fcenza! Hay grava aqu\u00ed y all\u00e1, tierra y peque\u00f1os escombros que convierten la conducci\u00f3n es un rally. Es evidente: no es ciudad para motos.<\/p>\n<p>Y luego est\u00e1 la M30, ese anillo de fuego donde hay que correr, ser el m\u00e1s fuerte, el m\u00e1s listo, el m\u00e1s salvaje. Hoy la he cogido por error (la costumbre) y he tenido que evacuarme por la primera salida, con la consecuencia de callejear durante quince minutos m\u00e1s de lo previsto.<\/p>\n<p>Ayer y hoy Madrid anticipa la primavera (mientras en Barcelona nieva como si se adentraran en una nueva glaciaci\u00f3n), con un sol maravilloso pero un fr\u00edo de perros. Tengo las manos cortadas por el fr\u00edo y los pies entumecidos. Pero eso es justo lo que siempre he deseado.<\/p>\n","protected":false},"excerpt":{"rendered":"<p>Hoy ha sido mi primer d\u00eda circulando en moto por Madrid. Mi bella Kymko Like 125 negra con destellos azules y yo, con mi enorme casco, mi chaqueta air-bag y mis guantes de orangut\u00e1n. He aprendido algunas cosas sobre el tr\u00e1fico de Madrid, siendo la primera y m\u00e1s importante la que titula este post: los [&hellip;]<\/p>\n","protected":false},"author":1,"featured_media":0,"comment_status":"open","ping_status":"open","sticky":false,"template":"","format":"standard","meta":{"footnotes":""},"categories":[],"tags":[],"class_list":["post-2001420","post","type-post","status-publish","format-standard","hentry"],"_links":{"self":[{"href":"https:\/\/www.elenacabrera.com\/weblog3\/wp-json\/wp\/v2\/posts\/2001420","targetHints":{"allow":["GET"]}}],"collection":[{"href":"https:\/\/www.elenacabrera.com\/weblog3\/wp-json\/wp\/v2\/posts"}],"about":[{"href":"https:\/\/www.elenacabrera.com\/weblog3\/wp-json\/wp\/v2\/types\/post"}],"author":[{"embeddable":true,"href":"https:\/\/www.elenacabrera.com\/weblog3\/wp-json\/wp\/v2\/users\/1"}],"replies":[{"embeddable":true,"href":"https:\/\/www.elenacabrera.com\/weblog3\/wp-json\/wp\/v2\/comments?post=2001420"}],"version-history":[{"count":0,"href":"https:\/\/www.elenacabrera.com\/weblog3\/wp-json\/wp\/v2\/posts\/2001420\/revisions"}],"wp:attachment":[{"href":"https:\/\/www.elenacabrera.com\/weblog3\/wp-json\/wp\/v2\/media?parent=2001420"}],"wp:term":[{"taxonomy":"category","embeddable":true,"href":"https:\/\/www.elenacabrera.com\/weblog3\/wp-json\/wp\/v2\/categories?post=2001420"},{"taxonomy":"post_tag","embeddable":true,"href":"https:\/\/www.elenacabrera.com\/weblog3\/wp-json\/wp\/v2\/tags?post=2001420"}],"curies":[{"name":"wp","href":"https:\/\/api.w.org\/{rel}","templated":true}]}}