{"id":2001428,"date":"2010-03-18T11:44:06","date_gmt":"2010-03-18T10:44:06","guid":{"rendered":""},"modified":"2010-04-02T09:53:15","modified_gmt":"2010-04-02T08:53:15","slug":"entrevista-con-un-muerto-la-doble-identidad-de-jorge-carrion","status":"publish","type":"post","link":"https:\/\/www.elenacabrera.com\/weblog3\/2010\/03\/18\/entrevista-con-un-muerto-la-doble-identidad-de-jorge-carrion\/","title":{"rendered":"Entrevista con un muerto. La doble identidad de Jorge Carri\u00f3n"},"content":{"rendered":"<p><object classid=\"clsid:d27cdb6e-ae6d-11cf-96b8-444553540000\" width=\"500\" height=\"320\" codebase=\"http:\/\/download.macromedia.com\/pub\/shockwave\/cabs\/flash\/swflash.cab#version=6,0,40,0\"><param name=\"data\" value=\"http:\/\/player.lainformacion.com\/imgfiles\/front\/player\/proyectoi_flashplayer.swf\" \/><param name=\"quality\" value=\"high\" \/><param name=\"loop\" value=\"false\" \/><param name=\"allowscriptaccess\" value=\"always\" \/><param name=\"allowfullscreen\" value=\"true\" \/><param name=\"wmode\" value=\"window\" \/><param name=\"play\" value=\"true\" \/><param name=\"src\" value=\"http:\/\/player.lainformacion.com\/imgfiles\/front\/player\/proyectoi_flashplayer.swf\" \/><param name=\"flashvars\" value=\"host=http:\/\/player.lainformacion.com&amp;tipo=1&amp;idvideo=CwzgFvLh2KyHlbH7VreyA&amp;start=0&amp;end=&amp;host_ext=http:\/\/xml.utils.lainformacion.com\/videoservices\" \/><embed type=\"application\/x-shockwave-flash\" width=\"500\" height=\"320\" src=\"http:\/\/player.lainformacion.com\/imgfiles\/front\/player\/proyectoi_flashplayer.swf\" flashvars=\"host=http:\/\/player.lainformacion.com&amp;tipo=1&amp;idvideo=CwzgFvLh2KyHlbH7VreyA&amp;start=0&amp;end=&amp;host_ext=http:\/\/xml.utils.lainformacion.com\/videoservices\" play=\"true\" wmode=\"window\" allowfullscreen=\"true\" allowscriptaccess=\"always\" loop=\"false\" quality=\"high\" data=\"http:\/\/player.lainformacion.com\/imgfiles\/front\/player\/proyectoi_flashplayer.swf\"><\/embed><\/object><\/p>\n<p>Me gustar\u00eda escribir un poco sobre c\u00f3mo y porqu\u00e9 hicimos as\u00ed esta entrevista. El d\u00eda anterior Jorge Carri\u00f3n presentaba el libro junto a Isaac Rosa y Jordi Costa en una librer\u00eda de Madrid. All\u00ed el escritor cont\u00f3 que estaba algo fastidiado por el nivel de spoilers que se estaban vertiendo sbre la novela. En algunas cr\u00edticas se desvelaba ya en la primera l\u00ednea lo que en realidad el libro es. Ese d\u00eda me faltaban algunas p\u00e1ginas para terminar la lectura e incluso a esas alturas recib\u00ed en la presentaci\u00f3n algunas sorpresas que a\u00fan no hab\u00eda averiguado por m\u00ed misma.<\/p>\n<p>Debido a eso, decid\u00ed que en la entrevista del d\u00eda siguiente no quer\u00eda analizar ni contar nada que desvelara mucho sobre Los muertos, sino continuar con la ficci\u00f3n. Pefer\u00eda hablar sobre Jorge Carri\u00f3n que sobre la novela pero no quer\u00eda dejarla de lado, por lo cual le ped\u00ed a Carri\u00f3n que actuara de adivino (un oficio que aparece en la novela) y yo ser\u00eda una mujer sin identidad a la que el adivino le revela que se llama Jorge Carri\u00f3n.<\/p>\n<p>La realizaci\u00f3n es de David Tesouro, tambi\u00e9n conocido en la redacci\u00f3n como David El Joven.<\/p>\n","protected":false},"excerpt":{"rendered":"<p>Me gustar\u00eda escribir un poco sobre c\u00f3mo y porqu\u00e9 hicimos as\u00ed esta entrevista. El d\u00eda anterior Jorge Carri\u00f3n presentaba el libro junto a Isaac Rosa y Jordi Costa en una librer\u00eda de Madrid. All\u00ed el escritor cont\u00f3 que estaba algo fastidiado por el nivel de spoilers que se estaban vertiendo sbre la novela. En algunas [&hellip;]<\/p>\n","protected":false},"author":1,"featured_media":0,"comment_status":"open","ping_status":"open","sticky":false,"template":"","format":"standard","meta":{"footnotes":""},"categories":[],"tags":[],"class_list":["post-2001428","post","type-post","status-publish","format-standard","hentry"],"_links":{"self":[{"href":"https:\/\/www.elenacabrera.com\/weblog3\/wp-json\/wp\/v2\/posts\/2001428","targetHints":{"allow":["GET"]}}],"collection":[{"href":"https:\/\/www.elenacabrera.com\/weblog3\/wp-json\/wp\/v2\/posts"}],"about":[{"href":"https:\/\/www.elenacabrera.com\/weblog3\/wp-json\/wp\/v2\/types\/post"}],"author":[{"embeddable":true,"href":"https:\/\/www.elenacabrera.com\/weblog3\/wp-json\/wp\/v2\/users\/1"}],"replies":[{"embeddable":true,"href":"https:\/\/www.elenacabrera.com\/weblog3\/wp-json\/wp\/v2\/comments?post=2001428"}],"version-history":[{"count":0,"href":"https:\/\/www.elenacabrera.com\/weblog3\/wp-json\/wp\/v2\/posts\/2001428\/revisions"}],"wp:attachment":[{"href":"https:\/\/www.elenacabrera.com\/weblog3\/wp-json\/wp\/v2\/media?parent=2001428"}],"wp:term":[{"taxonomy":"category","embeddable":true,"href":"https:\/\/www.elenacabrera.com\/weblog3\/wp-json\/wp\/v2\/categories?post=2001428"},{"taxonomy":"post_tag","embeddable":true,"href":"https:\/\/www.elenacabrera.com\/weblog3\/wp-json\/wp\/v2\/tags?post=2001428"}],"curies":[{"name":"wp","href":"https:\/\/api.w.org\/{rel}","templated":true}]}}