{"id":2001465,"date":"2010-05-07T20:43:25","date_gmt":"2010-05-07T19:43:25","guid":{"rendered":""},"modified":"2010-05-07T20:50:22","modified_gmt":"2010-05-07T19:50:22","slug":"inspirar-y-expirar","status":"publish","type":"post","link":"https:\/\/www.elenacabrera.com\/weblog3\/2010\/05\/07\/inspirar-y-expirar\/","title":{"rendered":"Inspirar y expirar"},"content":{"rendered":"<p>He cambiado la disposici\u00f3n de los muebles de la habitaci\u00f3n desde la que fabrico los planes de dominaci\u00f3n del mundo. (Y no, no es el dormitorio sino este almac\u00e9n de libros y discos que llamo estudio). Ahora el desorden queda a mis espaldas y, ante m\u00ed, un trozo grande de cielo y varias copas de \u00e1rboles -\u00a1recopado!- por lo me es m\u00e1s f\u00e1cil concentrarme.<\/p>\n<p>Una <a href=\"http:\/\/noticias.lainformacion.com\/arte-cultura-y-espectaculos\/literatura\/carmen-posadas-escribo-de-espaldas-a-la-ventana-para-no-tener-tentaciones_nox7VRmZb2eNCCTqOINS65\/\">escritora dijo<\/a> el otro d\u00eda que escrib\u00eda de espaldas a la ventana para evitar la tentaci\u00f3n. \u00abLa tentaci\u00f3n de tirarse\u00bb, dijo un gracioso en la redacci\u00f3n. Yo he decidido escribir de cara a la ventana para caer en la tentaci\u00f3n de hacerlo. \u00abDe tirarme\u00bb, dir\u00eda ahora el mismo graciosillo.<\/p>\n<p>No es esta ventana la que me distrae. Esta de las nubes, los \u00e1rboles y la colada del vecino me inspira. Son las otras ventanas, las del navegador, las que me roban el tiempo. Todo se va a los otros y nada queda para m\u00ed. Abro portada de peri\u00f3dicos y empiezo hacer clic en art\u00edculos que prometen historias fabulosas, se van quedando ah\u00ed, en pesta\u00f1as a la derecha, esperando que mi ansia por seguir de un link a otro se detenga y lea. Luego, ya no queda tiempo. Ni para leer ni para escribir. Pero he le\u00eddo muchos titulares, he visto fotos, he llegado hasta los arranques y por ah\u00ed me he perdido.<\/p>\n<p>En un <strong>Google Doc<\/strong> apunto las cientos de cosas sobre las que me gustar\u00eda escribir, inspirada por todo lo que veo por ah\u00ed. (\u00bfVes?, al final las otras ventanas tambi\u00e9n me inspiran). (\u00bfPero y la calle, la calle qu\u00e9, eh? Hablo m\u00e1s sobre lo que otros hablan y muy poco sobre lo que vivo).<\/p>\n<p>Una de las personas m\u00e1s inspiradoras que conozco es <strong>Vincent Moon<\/strong>. En Barcelona quer\u00eda echar a la gente de su propia charla: \u00ab\u00a1Salid y haced cosas!\u00bb, le gritaba ya sin mirarles, levant\u00e1ndose de la silla y ahuyent\u00e1ndoles con las manos. Ayer me lo encontr\u00e9 en el concierto de <strong>TV Ghost<\/strong>, s\u00f3lo un rato antes de verle pens\u00e9 podr\u00eda aparecer por all\u00ed. Y as\u00ed sucedi\u00f3.<\/p>\n<p>Esto me pasa con frecuencia. Yo lo llamo mi poder de invocaci\u00f3n. Dos ejemplos recientes: hace un par de semanas me dirig\u00eda a un supermercado, el segundo m\u00e1s cercano a mi casa, ni siquiera el primero. Me gusta ir al segundo porque tienen Alpro y m\u00e1s variedad en pizzas Dr Oetker que el otro, el m\u00e1s cercano. Mientras paso por delante del colegio Padre Claret pienso en Carlos Entrena, a quien hac\u00eda cierto tiempo que no ve\u00eda. Esa ma\u00f1ana hab\u00eda escuchado D\u00e9cima V\u00edctima de forma intensiva, por lo que arrastraba mi carro vac\u00edo canturreando \u00abCuando todo va mal y te pesa la vida&#8230; no rechaces el futuro, recupera la fe en ti mismo\u00bb. Mientras elijo un frasco de verduras veo a Carlos Entrena pagando en las cajas. Invocaci\u00f3n.<\/p>\n<p>Otro ejemplo: desde hac\u00eda unos d\u00edas ven\u00eda pensando en un antiguo amor as\u00ed que antes de ayer, s\u00fabitamente, decid\u00ed escribirle una carta. Contesta mi email tan s\u00f3lo media hora despu\u00e9s desde su pa\u00eds extranjero y me dice qu\u00e9 sorpresa pero no tanta, hace dos d\u00edas encontr\u00e9 estos ciertos objetos tuyos, por lo que pens\u00e9 mucho en ti y te rebusqu\u00e9 por Internet para ver c\u00f3mo te iba la vida. Invocaci\u00f3n.<\/p>\n<p><object classid=\"clsid:d27cdb6e-ae6d-11cf-96b8-444553540000\" width=\"560\" height=\"340\" codebase=\"http:\/\/download.macromedia.com\/pub\/shockwave\/cabs\/flash\/swflash.cab#version=6,0,40,0\"><param name=\"allowFullScreen\" value=\"true\" \/><param name=\"allowscriptaccess\" value=\"always\" \/><param name=\"src\" value=\"http:\/\/www.youtube.com\/v\/rLg-yXbADUY&amp;hl=es_ES&amp;fs=1&amp;\" \/><param name=\"allowfullscreen\" value=\"true\" \/><embed type=\"application\/x-shockwave-flash\" width=\"560\" height=\"340\" src=\"http:\/\/www.youtube.com\/v\/rLg-yXbADUY&amp;hl=es_ES&amp;fs=1&amp;\" allowscriptaccess=\"always\" allowfullscreen=\"true\"><\/embed><\/object><\/p>\n<p>Muy bueno el concierto de <strong>TV Ghost<\/strong>, una recomendaci\u00f3n de <a href=\"http:\/\/sepulcravo.tumblr.com\/\"><strong>Mortimer Rata<\/strong><\/a> que acept\u00e9 pr\u00e1cticamente a ciegas, tras escuchar dos <a href=\"http:\/\/www.youtube.com\/watch?v=rLg-yXbADUY\">canciones en YouTube<\/a> y averiguar que la entrada era de 5 euros. Qu\u00e9 maravilla. Todas las semanas ir\u00eda a ver un grupo que no conozca si costara 5 euros. Introduje el Sr Rata a don Vincent Moon, ya que acababa de contarme que <a href=\"http:\/\/www.elenacabrera.com\/weblog\/\u00bfa-que-suenan-los-cuerpos\/\">su grupo<\/a>, <strong><a href=\"http:\/\/somoscuerpos.wordpress.com\/2010\/05\/03\/cuerpos-al-primavera-sound-2010\/\">Cuerpos<\/a><\/strong><a href=\"http:\/\/somoscuerpos.wordpress.com\/2010\/05\/03\/cuerpos-al-primavera-sound-2010\/\">, han sido seleccionados<\/a> por el concurso MySpace 43 para tocar en el Primavera Sound. Todo el mundo va al Primera Sound. Yo no. Yo me voy<a href=\"http:\/\/www.elenacabrera.com\/monreal\/2010\/04\/30\/este-ano-vamos-al-gothic-treffen\"> al <strong>Wave Gotik Treffen<\/strong>, con <strong>Lord Monreal<\/strong><\/a>, y no saben lo feliz que me hace.<\/p>\n","protected":false},"excerpt":{"rendered":"<p>He cambiado la disposici\u00f3n de los muebles de la habitaci\u00f3n desde la que fabrico los planes de dominaci\u00f3n del mundo. (Y no, no es el dormitorio sino este almac\u00e9n de libros y discos que llamo estudio). Ahora el desorden queda a mis espaldas y, ante m\u00ed, un trozo grande de cielo y varias copas de [&hellip;]<\/p>\n","protected":false},"author":1,"featured_media":0,"comment_status":"open","ping_status":"open","sticky":false,"template":"","format":"standard","meta":{"footnotes":""},"categories":[],"tags":[],"class_list":["post-2001465","post","type-post","status-publish","format-standard","hentry"],"_links":{"self":[{"href":"https:\/\/www.elenacabrera.com\/weblog3\/wp-json\/wp\/v2\/posts\/2001465","targetHints":{"allow":["GET"]}}],"collection":[{"href":"https:\/\/www.elenacabrera.com\/weblog3\/wp-json\/wp\/v2\/posts"}],"about":[{"href":"https:\/\/www.elenacabrera.com\/weblog3\/wp-json\/wp\/v2\/types\/post"}],"author":[{"embeddable":true,"href":"https:\/\/www.elenacabrera.com\/weblog3\/wp-json\/wp\/v2\/users\/1"}],"replies":[{"embeddable":true,"href":"https:\/\/www.elenacabrera.com\/weblog3\/wp-json\/wp\/v2\/comments?post=2001465"}],"version-history":[{"count":0,"href":"https:\/\/www.elenacabrera.com\/weblog3\/wp-json\/wp\/v2\/posts\/2001465\/revisions"}],"wp:attachment":[{"href":"https:\/\/www.elenacabrera.com\/weblog3\/wp-json\/wp\/v2\/media?parent=2001465"}],"wp:term":[{"taxonomy":"category","embeddable":true,"href":"https:\/\/www.elenacabrera.com\/weblog3\/wp-json\/wp\/v2\/categories?post=2001465"},{"taxonomy":"post_tag","embeddable":true,"href":"https:\/\/www.elenacabrera.com\/weblog3\/wp-json\/wp\/v2\/tags?post=2001465"}],"curies":[{"name":"wp","href":"https:\/\/api.w.org\/{rel}","templated":true}]}}