{"id":2001487,"date":"2010-05-31T01:08:51","date_gmt":"2010-05-30T23:08:51","guid":{"rendered":""},"modified":"2019-05-25T19:45:24","modified_gmt":"2019-05-25T17:45:24","slug":"un-pistoletazo-en-medio-de-un-concierto","status":"publish","type":"post","link":"https:\/\/www.elenacabrera.com\/weblog3\/2010\/05\/31\/un-pistoletazo-en-medio-de-un-concierto\/","title":{"rendered":"Un pistoletazo en medio de un concierto"},"content":{"rendered":"<p>Es tarde. Yo me iba a recostar en el sof\u00e1 para caer un rato dentro de un libro pero he le\u00eddo, en un email, unas palabras preciosas sobre el polen y la sangre sobre la nieve que me han obligado a escribir. Como dec\u00edamos <a href=\"http:\/\/quiereshacerelfavor.wordpress.com\/2010\/04\/06\/programa-30-tele-y-filosofia\/\">en este programa<\/a>, hay escritores que te empujan a escribir.<\/p>\n<p><a href=\"http:\/\/www.elenacabrera.com\/weblog\/wp-content\/uploads\/2010\/05\/chica-quemada.jpg\"><img loading=\"lazy\" decoding=\"async\" class=\"alignleft size-full wp-image-1488\" title=\"chica quemada\" src=\"http:\/\/www.elenacabrera.com\/weblog\/wp-content\/uploads\/2010\/05\/chica-quemada.jpg\" alt=\"\" width=\"99\" height=\"273\" \/><\/a>Yo pensaba que la literatura serv\u00eda para otra cosa, hasta que comenc\u00e9 a leer los libros de <strong>Bel\u00e9n Gopegui<\/strong>. No cuando le\u00ed La escala de los mapas, que no fue una revelaci\u00f3n sino un anzuelo. Cuando me traslad\u00e9 a Barcelona, Lidia y Mario me acogieron en su casa de Sabadell. En el camino a la estaci\u00f3n de tren hab\u00eda una tienda para socios, una especie de economato de los libros donde se pod\u00eda comprar m\u00e1s barato siendo socio. Mario lo era, por lo que empec\u00e9 a comprar all\u00ed los libros de Bel\u00e9n Gopegui. Viaja en el tren a Barcelona, cada d\u00eda, agarrada a ellos, o m\u00e1s bien aferrada. La escala de los mapas era un lugar para el refugio, un techadito donde no mojarse cuando llov\u00eda. Y entonces, en Barcelona, empez\u00f3 a llover mucho. Durante la gran tormenta, todos los rayos me cayeron en la cabeza. Estaba un poco quemada (como la chica de la izquierda). Tocarnos la cara y La conquista del aire me empujaron fuera del techadito, donde me cal\u00e9 m\u00e1s miserablemente. En su segundo y tercer libros aprend\u00ed que hab\u00eda cosas que se pod\u00edan hacer, adem\u00e1s de cosas con las que se pod\u00edan so\u00f1ar. Y, tambi\u00e9n, que equivocarse es algo que hay que aprender a gestionar. La literatura y las conversaciones de la vida no hablan de las equivocaciones. Me refiero a que no se habla realmente de porqu\u00e9 uno se equivoca y por qu\u00e9 motivos. Pero no se habla con equidad de la toma de decisiones. Me gustaban las novelas de Bel\u00e9n porque el narrador o los personajes no toman partido por lo que, seg\u00fan ellos o seg\u00fan lo razonable, est\u00e9 bien. De esa manera es m\u00e1s f\u00e1cil hablar de las equivocaciones, ya que no hay un juicio preliminar que decide que, como nos hemos equivocado, somos culpables y todo es horrible y nos lo merecemos y culpa por esto y culpa por lo otro.<\/p>\n<p>Ma\u00f1ana viene Bel\u00e9n Gopegui a <a href=\"http:\/\/quiereshacerelfavor.wordpress.com\/\">nuestro programa<\/a>. <strong>Bel\u00e9n Gopegui y Vincent Moon<\/strong> tienen mucho en com\u00fan. Algunos v\u00eddeos de <a href=\"http:\/\/www.vincentmoon.com\/\">Vincent Moon<\/a> se pierden en los huecos pero otros no, otros te sacan de ellos y te llevan a la acci\u00f3n. No construyen realidades de artificio donde est\u00e1s a salvo de la lluvia sino que te empapan y te ense\u00f1an c\u00f3mo se sale a la calle a fabricar algo. Los dos te abren las puertas de algo importante que sucede en alg\u00fan sitio, y no juzgan, pero te empujan a la acci\u00f3n.<\/p>\n<p><img loading=\"lazy\" decoding=\"async\" class=\"alignright\" src=\"http:\/\/farm5.static.flickr.com\/4046\/4635628274_af0ea200d7.jpg\" alt=\"Museo de la Stasi\" width=\"266\" height=\"400\" \/><\/p>\n<p>Hubo <a href=\"http:\/\/quiereshacerelfavor.wordpress.com\/2010\/05\/11\/programa-35-el-fin-del-mundo-no-es-el-fin\/\">otro programa de radio que titulamos El fin del mundo no es el fin<\/a>, porque muchos relatos apocal\u00edpticos hablan en realidad del principio de las cosas: de la refundaci\u00f3n. Hace unas semanas, el d\u00eda de San Isidro, cerr\u00f3 el Radar, el mejor bar de Madrid. Los d\u00edas previos estuve intentando grabar all\u00ed una entrevista que me han hecho para un programa de Cultural.es llamado <a href=\"http:\/\/www.rtve.es\/television\/20091020\/nube-tags\/297053.shtml\">Nube de tags<\/a>, que est\u00e1 dirigido por <strong>Diego Ortiz<\/strong> (La M\u00e1s Bella). Pero no fue posible y finalmente la hicimos en <a href=\"http:\/\/www.raraavisstore.com\/\">Rara Avis<\/a>. Me apen\u00f3 porque era importante un \u00faltimo tributo a un lugar que, no siendo ni privado ni p\u00fablico, ni del todo individual ni del todo colectivo, me hac\u00eda sentir a gusto. La \u00faltima noche fue triste y alcoh\u00f3lica, como todas las \u00faltimas noches de un bar que he vivido. Esta ha sido la tercera. Me gustar\u00eda decir que el fin del <strong>Radar<\/strong> no es el fin porque surge otro principio, pero esta ciudad no es tierra f\u00e9rtil. Bueno, igual lo es para un determinado tipo de hortaliza, pero no para el tipo de lugares que me ayudan a escribir posts de <a href=\"http:\/\/www.elenacabrera.com\/weblog\/category\/cosas-que-pasan-cuando-sales-a-la-calle\/\">la categor\u00eda Cosas que pasan cuando sales a la calle<\/a>. Cuando Sevi encendi\u00f3 las luces y apag\u00f3 la m\u00fasica (pen\u00faltima canci\u00f3n fue de Ci\u00eblo y \u00faltima fue algo folk que no recuerdo) se produjo un aplauso durante varios minutos, con todo tipo de v\u00edtores. Sevi, dentro de la barra, sonre\u00eda con su habitual modestia y timidez. Yo, en ese momento, me lo habr\u00eda comido a besos y le habr\u00eda suplicado que no cerrara el bar.<\/p>\n<p>\u00bfMe empujar\u00e1 el cierre del Radar a abrir mi propio bar o mi propio club, alg\u00fan d\u00eda? Ayer cometimos la torpeza de volver al <strong>Dark Hole<\/strong>, y fue mucho peor que <a href=\"http:\/\/www.elenacabrera.com\/weblog\/dont-fall\/\">este otro \u00faltimo d\u00eda<\/a>. Adem\u00e1s de que era horrible en t\u00e9rminos absolutos (la m\u00fasica, la gente, el ambiente) en t\u00e9rminos relativos era descorazonador compararlo con la semana que hemos pasado en Leipzig, asistiendo al <strong>Wave-Gotik-Treffen<\/strong>, evento del que Alberto ha dado cuenta <a href=\"http:\/\/www.albertomonreal.com\/\">en su blog<\/a> y en sus cr\u00f3nicas diarias para La Defunci\u00f3n: <a href=\"http:\/\/www.ladefuncion.com\/music\/conciertos_deta.php?recordID=37\">21 de mayo<\/a>, <a href=\"http:\/\/www.ladefuncion.com\/music\/conciertos_deta.php?recordID=38\">22 de mayo<\/a>, <a href=\"http:\/\/www.ladefuncion.com\/music\/conciertos_deta.php?recordID=39\">23 de mayo<\/a> y <a href=\"http:\/\/www.ladefuncion.com\/music\/conciertos_deta.php?recordID=40\">24 de mayo<\/a>.<\/p>\n<p>Pero, una vez m\u00e1s, me temo que para hablar de Leipzig se necesitar\u00e1 otra noche, que ya no esta.<\/p>\n","protected":false},"excerpt":{"rendered":"<p>Es tarde. Yo me iba a recostar en el sof\u00e1 para caer un rato dentro de un libro pero he le\u00eddo, en un email, unas palabras preciosas sobre el polen y la sangre sobre la nieve que me han obligado a escribir. Como dec\u00edamos en este programa, hay escritores que te empujan a escribir. Yo [&hellip;]<\/p>\n","protected":false},"author":1,"featured_media":0,"comment_status":"open","ping_status":"open","sticky":false,"template":"","format":"standard","meta":{"footnotes":""},"categories":[],"tags":[],"class_list":["post-2001487","post","type-post","status-publish","format-standard","hentry"],"_links":{"self":[{"href":"https:\/\/www.elenacabrera.com\/weblog3\/wp-json\/wp\/v2\/posts\/2001487","targetHints":{"allow":["GET"]}}],"collection":[{"href":"https:\/\/www.elenacabrera.com\/weblog3\/wp-json\/wp\/v2\/posts"}],"about":[{"href":"https:\/\/www.elenacabrera.com\/weblog3\/wp-json\/wp\/v2\/types\/post"}],"author":[{"embeddable":true,"href":"https:\/\/www.elenacabrera.com\/weblog3\/wp-json\/wp\/v2\/users\/1"}],"replies":[{"embeddable":true,"href":"https:\/\/www.elenacabrera.com\/weblog3\/wp-json\/wp\/v2\/comments?post=2001487"}],"version-history":[{"count":1,"href":"https:\/\/www.elenacabrera.com\/weblog3\/wp-json\/wp\/v2\/posts\/2001487\/revisions"}],"predecessor-version":[{"id":2002002663,"href":"https:\/\/www.elenacabrera.com\/weblog3\/wp-json\/wp\/v2\/posts\/2001487\/revisions\/2002002663"}],"wp:attachment":[{"href":"https:\/\/www.elenacabrera.com\/weblog3\/wp-json\/wp\/v2\/media?parent=2001487"}],"wp:term":[{"taxonomy":"category","embeddable":true,"href":"https:\/\/www.elenacabrera.com\/weblog3\/wp-json\/wp\/v2\/categories?post=2001487"},{"taxonomy":"post_tag","embeddable":true,"href":"https:\/\/www.elenacabrera.com\/weblog3\/wp-json\/wp\/v2\/tags?post=2001487"}],"curies":[{"name":"wp","href":"https:\/\/api.w.org\/{rel}","templated":true}]}}