{"id":2001502,"date":"2010-06-08T18:27:27","date_gmt":"2010-06-08T17:27:27","guid":{"rendered":""},"modified":"2010-06-08T23:55:41","modified_gmt":"2010-06-08T22:55:41","slug":"huelga","status":"publish","type":"post","link":"https:\/\/www.elenacabrera.com\/weblog3\/2010\/06\/08\/huelga\/","title":{"rendered":"Huelga"},"content":{"rendered":"<figure style=\"width: 450px\" class=\"wp-caption aligncenter\"><a href=\"http:\/\/www.flickr.com\/photos\/elenac\/sets\/72157624232088396\/\"><img loading=\"lazy\" decoding=\"async\" class=\"   \" title=\"D\u00eda de huelga, no para todos\" src=\"http:\/\/farm2.static.flickr.com\/1306\/4682040822_76027f7e70.jpg\" alt=\"\" width=\"450\" height=\"300\" \/><\/a><figcaption class=\"wp-caption-text\">D\u00eda de huelga, no para todos, algunos tienen que cortar el c\u00e9sped (que debe ser, imagino, un servicio m\u00ednimo).<\/figcaption><\/figure>\n","protected":false},"excerpt":{"rendered":"","protected":false},"author":1,"featured_media":0,"comment_status":"open","ping_status":"open","sticky":false,"template":"","format":"standard","meta":{"footnotes":""},"categories":[],"tags":[],"class_list":["post-2001502","post","type-post","status-publish","format-standard","hentry"],"_links":{"self":[{"href":"https:\/\/www.elenacabrera.com\/weblog3\/wp-json\/wp\/v2\/posts\/2001502","targetHints":{"allow":["GET"]}}],"collection":[{"href":"https:\/\/www.elenacabrera.com\/weblog3\/wp-json\/wp\/v2\/posts"}],"about":[{"href":"https:\/\/www.elenacabrera.com\/weblog3\/wp-json\/wp\/v2\/types\/post"}],"author":[{"embeddable":true,"href":"https:\/\/www.elenacabrera.com\/weblog3\/wp-json\/wp\/v2\/users\/1"}],"replies":[{"embeddable":true,"href":"https:\/\/www.elenacabrera.com\/weblog3\/wp-json\/wp\/v2\/comments?post=2001502"}],"version-history":[{"count":0,"href":"https:\/\/www.elenacabrera.com\/weblog3\/wp-json\/wp\/v2\/posts\/2001502\/revisions"}],"wp:attachment":[{"href":"https:\/\/www.elenacabrera.com\/weblog3\/wp-json\/wp\/v2\/media?parent=2001502"}],"wp:term":[{"taxonomy":"category","embeddable":true,"href":"https:\/\/www.elenacabrera.com\/weblog3\/wp-json\/wp\/v2\/categories?post=2001502"},{"taxonomy":"post_tag","embeddable":true,"href":"https:\/\/www.elenacabrera.com\/weblog3\/wp-json\/wp\/v2\/tags?post=2001502"}],"curies":[{"name":"wp","href":"https:\/\/api.w.org\/{rel}","templated":true}]}}