{"id":2001506,"date":"2010-06-08T23:49:57","date_gmt":"2010-06-08T22:49:57","guid":{"rendered":""},"modified":"2010-06-08T23:49:57","modified_gmt":"2010-06-08T22:49:57","slug":"el-fotografo-no-puede-ser-una-valla-entre-el-sujeto-y-el-publico","status":"publish","type":"post","link":"https:\/\/www.elenacabrera.com\/weblog3\/2010\/06\/08\/el-fotografo-no-puede-ser-una-valla-entre-el-sujeto-y-el-publico\/","title":{"rendered":"El fot\u00f3grafo no puede ser una valla entre el sujeto y el p\u00fablico"},"content":{"rendered":"<p>Me gusta mucho <a href=\"http:\/\/www.phedigital.com\/\">PHotoEspa\u00f1a<\/a> y siempre celebro cuando, con el arranque del buen tiempo, llegan las exposiciones de fotograf\u00eda por todo Madrid. Este a\u00f1o estoy intentando ir a todas las presentaciones para prensa que puedo, ya que es la mejor manera de aprender r\u00e1pidamente. Otros a\u00f1os he tenido que escribir sobre las exposiciones sin las orientaciones de los comisarios y es mucho m\u00e1s dif\u00edcil.<\/p>\n<p>El tema de este a\u00f1o es el tiempo. No me gusta el tema. Me parece general, inocuo, neutro. No digo que el tiempo no sea algo importante en la fotograf\u00eda. Pero s\u00ed digo que no es algo importante hoy, o no m\u00e1s hoy que ayer. Que es necesario un mayor compromiso con el momento actual, m\u00e1s intenci\u00f3n, m\u00e1s posici\u00f3n, m\u00e1s implicaci\u00f3n.<\/p>\n<p>He visto una serie de fotos que me han gustado. Forman parte de la exposici\u00f3n <em>Profec\u00edas<\/em>, que se puede ver en el Museo de la Ciudad. Son de <a href=\"http:\/\/www.xavierribas.com\/\">Xavier Ribas<\/a> y muestran <a href=\"http:\/\/www.xavierribas.com\/Contents\/Ceuta\/Ceuta.html\">la valla que separa Ceuta de Marruecos<\/a>. Europa de \u00c1frica. La verdad es que jam\u00e1s hab\u00eda pensado en esa valla, que es una frontera artificial, y no natural como, por poner un ejemplo, los Pirineos. La valla tiene un pasillo. Parece abandonada, franqueable, in\u00fatil. Pero si intentas meterte en la foto como si fueras una persona y no un p\u00e1jaro te das cuenta de que no hay manera de saltar eso&#8230; algo que parece tan insignificante y en cambio es intraspasable.<\/p>\n<p style=\"text-align: center;\"><img loading=\"lazy\" decoding=\"async\" class=\"aligncenter\" src=\"http:\/\/www.xavierribas.com\/Contents\/Ceuta\/pic24.jpg\" alt=\"\" width=\"540\" height=\"431\" \/><\/p>\n<p>Coincidiendo con PHotoEspa\u00f1a, me he propuesto aprender de verdad a que la mala t\u00e9cnica no me estropee una buena fotograf\u00eda. Las veo con el ojo, pero no s\u00e9 manejar la m\u00e1quina y, al final, no llegan a la pantalla. Esta tarde, durante la lluvia, la fot\u00f3grafa <strong><a href=\"http:\/\/www.gelatinepez.com\/\">Nathalie Paco<\/a><\/strong> -generosa, encantadora, sin pedir nada a cambio- me ha dado una clase particular durante varias horas, c\u00e1mara en mano, sobre los rudimentos m\u00e1s b\u00e1sicos. Lo siguiente va a ser practicar, practicar y practicar. \u00a1Y nada de seguir usando el autom\u00e1tico! \u00a1Ni siquiera el auto focus!<\/p>\n<p>Esta foto la he hecho hoy por la ma\u00f1ana, en la exposici\u00f3n de <strong>Helen Lewitt<\/strong>:<\/p>\n<p style=\"text-align: center;\"><a title=\"No te va a mirar por elenac, en Flickr\" href=\"http:\/\/www.flickr.com\/photos\/elenac\/4681426953\/\"><img loading=\"lazy\" decoding=\"async\" class=\"aligncenter\" src=\"http:\/\/farm5.static.flickr.com\/4052\/4681426953_8b35d89f42.jpg\" alt=\"No te va a mirar\" width=\"450\" height=\"300\" \/><\/a><\/p>\n","protected":false},"excerpt":{"rendered":"<p>Me gusta mucho PHotoEspa\u00f1a y siempre celebro cuando, con el arranque del buen tiempo, llegan las exposiciones de fotograf\u00eda por todo Madrid. Este a\u00f1o estoy intentando ir a todas las presentaciones para prensa que puedo, ya que es la mejor manera de aprender r\u00e1pidamente. Otros a\u00f1os he tenido que escribir sobre las exposiciones sin las [&hellip;]<\/p>\n","protected":false},"author":1,"featured_media":0,"comment_status":"open","ping_status":"open","sticky":false,"template":"","format":"standard","meta":{"footnotes":""},"categories":[],"tags":[],"class_list":["post-2001506","post","type-post","status-publish","format-standard","hentry"],"_links":{"self":[{"href":"https:\/\/www.elenacabrera.com\/weblog3\/wp-json\/wp\/v2\/posts\/2001506","targetHints":{"allow":["GET"]}}],"collection":[{"href":"https:\/\/www.elenacabrera.com\/weblog3\/wp-json\/wp\/v2\/posts"}],"about":[{"href":"https:\/\/www.elenacabrera.com\/weblog3\/wp-json\/wp\/v2\/types\/post"}],"author":[{"embeddable":true,"href":"https:\/\/www.elenacabrera.com\/weblog3\/wp-json\/wp\/v2\/users\/1"}],"replies":[{"embeddable":true,"href":"https:\/\/www.elenacabrera.com\/weblog3\/wp-json\/wp\/v2\/comments?post=2001506"}],"version-history":[{"count":0,"href":"https:\/\/www.elenacabrera.com\/weblog3\/wp-json\/wp\/v2\/posts\/2001506\/revisions"}],"wp:attachment":[{"href":"https:\/\/www.elenacabrera.com\/weblog3\/wp-json\/wp\/v2\/media?parent=2001506"}],"wp:term":[{"taxonomy":"category","embeddable":true,"href":"https:\/\/www.elenacabrera.com\/weblog3\/wp-json\/wp\/v2\/categories?post=2001506"},{"taxonomy":"post_tag","embeddable":true,"href":"https:\/\/www.elenacabrera.com\/weblog3\/wp-json\/wp\/v2\/tags?post=2001506"}],"curies":[{"name":"wp","href":"https:\/\/api.w.org\/{rel}","templated":true}]}}