{"id":200151,"date":"2009-01-16T17:28:52","date_gmt":"2009-01-16T16:28:52","guid":{"rendered":""},"modified":"2019-05-24T13:56:43","modified_gmt":"2019-05-24T11:56:43","slug":"lo-que-siguen-diciendo-los-medios-sobre-el-chin-chin-de-adnes","status":"publish","type":"post","link":"https:\/\/www.elenacabrera.com\/weblog3\/2009\/01\/16\/lo-que-siguen-diciendo-los-medios-sobre-el-chin-chin-de-adnes\/","title":{"rendered":"Lo que siguen diciendo los medios sobre el chin-chin de ADN.es"},"content":{"rendered":"<p>El otro d\u00eda os bombarde\u00e9 con algunos links sobre el chin-chin (donde dice chin-chin l\u00e9ase cierre) de el medio de informaci\u00f3n ADN.es. Triste es siempre que se cierre un medio de comunicaci\u00f3n, decepcionante y frustrante es que sea aquel en el que trabajas.<\/p>\n<p>Como el ruido no se ha acallado, me gustar\u00eda recopilaros algunas otras noticias. La resaca viene dada por tres chispazos informativos. Uno es que hay quien ha empaquetado (<a href=\"http:\/\/www.elconfidencial.com\/cache\/2009\/01\/14\/comunicacion_1_crisis_generacion.html\">mal<\/a> en El Confidencial por Gustavo Bravo, un ex miembro de la redacci\u00f3n de ADN.es) (<a href=\"http:\/\/ecodiario.eleconomista.es\/cultura\/noticias\/973848\/01\/09\/Quien-esta-matando-a-los-grandes-gurus-20.html\">menos mal<\/a> en EcoDiario) (<a href=\"http:\/\/periodistas21.blogspot.com\/2009\/01\/destruccin-creativa.html\">puntualizado<\/a> por Juan Varela) la destituci\u00f3n de Nacho Escolar con el cierre de ADN.es; otra chispa es la encendida por Albert Montagut (director de ADN y director editorial de ADN.es) al presentar un libro y el tercero es la Gran Crisis de los Medios de Comunicaci\u00f3n Debacle Horror Precipicio \u00a1Al Paro!:<\/p>\n<p><span style=\"color: #ff0000;\">1)<\/span><\/p>\n<p>Escolar, Valera y C\u00eda, <a href=\"http:\/\/cristinafallaras.blogspot.com\/2009\/01\/escolar-varela-y-ca_14.html\">Cristina Fallar\u00e1s<\/a>.<\/p>\n<blockquote><p>PD. En cuanto al caso de ADN.es, \u00e9se y no otro es el caso de ADN.es:<br \/>\n<a href=\"http:\/\/blogs.periodistadigital.com\/24por7.php\/2009\/01\/14\/montagut-varela-adn-internet-papel-crisi-8987\">http:\/\/blogs.periodistadigital.com\/24por7.php\/2009\/01\/14\/montagut-varela-adn-internet-papel-crisi-8987<\/a><\/p><\/blockquote>\n<p>La Generaci\u00f3n Tap\u00f3n, <a href=\"http:\/\/lahuelladigital.blogspot.com\/2009\/01\/la-generacin-tapn.html\">La Huella Digital<\/a>.<\/p>\n<p><span style=\"color: #ff0000;\">2)<\/span><\/p>\n<p>Montagut: \u00abInternet debe estar bien fusionada con el papel\u00bb, <a href=\"http:\/\/www.233grados.com\/blog\/2009\/01\/montagut-internet-tiene-que-estar-bien-fusionada-con-el-papel.html\">233 grados<\/a>.<\/p>\n<blockquote><p>Y, en los comentarios, cosas como:<\/p>\n<p>No s\u00e9 c\u00f3mo no se le cae el peluqu\u00edn de la verg\u00fcenza. Ya ha declarado p\u00fablicamente que Planeta cierra ADN.es para que sobreviva el papel y explotar a los pocos redactores que le quedan al impreso haciendo tambi\u00e9n la web. A cambio, 40 t\u00edos en la calle y \u00e9l sigue de director. Y encima le encumbran en la presentaci\u00f3n de su libro el presidente de EFE y el de la APM. Es vergonzoso. VERGONZOSO! (Amanda)<\/p>\n<p>No cuela. Est\u00e1 claro que han reculado porque no creen en internet (algo curioso e incluso ex\u00f3tico en los tiempos que corren). Lo pueden vestir como quieran, pero su decisi\u00f3n es incomprensible porque se trataba de un medio con \u00e9xito. Si hubiera tenido unos pocos miles de usuarios al cabo de los meses, se entender\u00eda, pero lo gracioso o triste del tema, es que funcionaba y muy bien.<br \/>\nEsta claro que la crisis da excusas a muchos caraduras para destruir empleo, aunque no sea la ra\u00edz del problema en casos como \u00e9ste. (Sam)<\/p>\n<p>No es de recibo que la Asociaci\u00f3n de la Prensa de Madrid abra sus puertas a la presentaci\u00f3n de un libro sobre periodismo de un se\u00f1or que dirige un medio que recientemente ha despedido al 40% de su plantilla, un medio cuya supervivencia est\u00e1 m\u00e1s que en entredicho, un medio cuyo hermano digital www.adn.es va a echar el cierre en breve&#8230; En fin, qu\u00e9 lecci\u00f3n puede dar hoy en d\u00eda alguien como Albert Montagut. Por verg\u00fcenza torera \u00e9l deber\u00eda de haber aplazado esta presentaci\u00f3n y los de la APM tambi\u00e9n. Muchos de los 40 periodistas que quedar\u00e1n en paro de adn.es son asociados suyos y pagan religiosamente una cuota&#8230; este acto ha sido de todas todas inapropiado (por ser suave en el calificativo) (Outsider)<\/p><\/blockquote>\n<p>La plantilla del papel de ADN se encargar\u00e1 de sacar adelante ADN.es, <a href=\"http:\/\/blogs.periodistadigital.com\/24por7.php\/2009\/01\/14\/montagut-varela-adn-internet-papel-crisi-8987\">Periodista Digital<\/a>.<\/p>\n<p>Albert Montagut: \u00abADN ha cerrado su edici\u00f3n digital porque no se pueden mantener dos redacciones paralelas\u00bb, <a href=\"http:\/\/www.discapnet.es\/Discapnet\/Castellano\/Actualidad\/Nueva_Hemeroteca\/detalle?id=220002\">teletipo de Servimedia<\/a>.<\/p>\n<p>ADN.es desaparece pero ADN sigue teniendo web, <a href=\"http:\/\/www.prnoticias.es\/content\/view\/10025915\/227\/\">PR Noticias<\/a>.<\/p>\n<p><span style=\"color: #ff0000;\">3)<\/span><\/p>\n<p>El mensajero tambi\u00e9n pierde el trabajo, <a href=\"http:\/\/www.elpais.com\/articulo\/sociedad\/mensajero\/pierde\/trabajo\/elpepusoc\/20090116elpepusoc_2\/Tes\">El Pa\u00eds<\/a>.<\/p>\n<blockquote><p>Las cifras de 2007, \u00faltimo a\u00f1o con datos oficiales, siendo malas se quedan lejos de las estimaciones que la FAPE ha realizado para 2008 y 2009: en ese periodo de tiempo, de acuerdo con los ERE en marcha (el m\u00e1s significativo, el del Grupo Z), los cierres (el \u00faltimo el de ADN.es) y la informaci\u00f3n facilitada por periodistas y analistas de medios, la reducci\u00f3n de empleos en el sector rondar\u00eda los 4.000 puestos de trabajo.<\/p><\/blockquote>\n<p><a href=\"http:\/\/opentrad.imaxin.com\/navegador.php?direccion=gl-es&amp;inurl=http:\/\/codigocero.com\/spip.php?article7104&amp;var_recherche=adn\">ADN.es pierde la independencia de su versi\u00f3n impresa<\/a>. C\u00f3digo Cero. (interesante titular).<\/p>\n","protected":false},"excerpt":{"rendered":"<p>El otro d\u00eda os bombarde\u00e9 con algunos links sobre el chin-chin (donde dice chin-chin l\u00e9ase cierre) de el medio de informaci\u00f3n ADN.es. Triste es siempre que se cierre un medio de comunicaci\u00f3n, decepcionante y frustrante es que sea aquel en el que trabajas. Como el ruido no se ha acallado, me gustar\u00eda recopilaros algunas otras [&hellip;]<\/p>\n","protected":false},"author":1,"featured_media":0,"comment_status":"open","ping_status":"open","sticky":false,"template":"","format":"standard","meta":{"footnotes":""},"categories":[2],"tags":[],"class_list":["post-200151","post","type-post","status-publish","format-standard","hentry","category-twentytwentyfive"],"_links":{"self":[{"href":"https:\/\/www.elenacabrera.com\/weblog3\/wp-json\/wp\/v2\/posts\/200151","targetHints":{"allow":["GET"]}}],"collection":[{"href":"https:\/\/www.elenacabrera.com\/weblog3\/wp-json\/wp\/v2\/posts"}],"about":[{"href":"https:\/\/www.elenacabrera.com\/weblog3\/wp-json\/wp\/v2\/types\/post"}],"author":[{"embeddable":true,"href":"https:\/\/www.elenacabrera.com\/weblog3\/wp-json\/wp\/v2\/users\/1"}],"replies":[{"embeddable":true,"href":"https:\/\/www.elenacabrera.com\/weblog3\/wp-json\/wp\/v2\/comments?post=200151"}],"version-history":[{"count":1,"href":"https:\/\/www.elenacabrera.com\/weblog3\/wp-json\/wp\/v2\/posts\/200151\/revisions"}],"predecessor-version":[{"id":2002002625,"href":"https:\/\/www.elenacabrera.com\/weblog3\/wp-json\/wp\/v2\/posts\/200151\/revisions\/2002002625"}],"wp:attachment":[{"href":"https:\/\/www.elenacabrera.com\/weblog3\/wp-json\/wp\/v2\/media?parent=200151"}],"wp:term":[{"taxonomy":"category","embeddable":true,"href":"https:\/\/www.elenacabrera.com\/weblog3\/wp-json\/wp\/v2\/categories?post=200151"},{"taxonomy":"post_tag","embeddable":true,"href":"https:\/\/www.elenacabrera.com\/weblog3\/wp-json\/wp\/v2\/tags?post=200151"}],"curies":[{"name":"wp","href":"https:\/\/api.w.org\/{rel}","templated":true}]}}