{"id":2001516,"date":"2010-06-21T17:43:49","date_gmt":"2010-06-21T15:43:49","guid":{"rendered":""},"modified":"2019-05-25T19:26:45","modified_gmt":"2019-05-25T17:26:45","slug":"mis-palabras-en-la-nube-de-tags","status":"publish","type":"post","link":"https:\/\/www.elenacabrera.com\/weblog3\/2010\/06\/21\/mis-palabras-en-la-nube-de-tags\/","title":{"rendered":"Mis palabras en la nube de tags"},"content":{"rendered":"<p style=\"font: bold 23px\/24px arial, sans-serif; letter-spacing: -0.5px; color: #333333; margin: 4px 0 0;\"><a style=\"padding-bottom: 8px;\" href=\"http:\/\/www.rtve.es\/mediateca\/videos\/20100616\/nube-tags-42---16-junio\/802450.shtml\">Nube de tags 42 \/ 16 de Junio<\/a><\/p>\n<p><object id=\"RTVEPlayer1466\" classid=\"clsid:d27cdb6e-ae6d-11cf-96b8-444553540000\" width=\"425\" height=\"300\" codebase=\"http:\/\/download.macromedia.com\/pub\/shockwave\/cabs\/flash\/swflash.cab#version=6,0,40,0\"><param name=\"allowScriptAccess\" value=\"always\" \/><param name=\"allowFullScreen\" value=\"true\" \/><param name=\"src\" value=\"http:\/\/www.rtve.es\/swf\/v2\/embed\/802450_es_videos\/RTVEPlayer.swf\" \/><param name=\"name\" value=\"RTVEPlayer1466\" \/><param name=\"allowfullscreen\" value=\"true\" \/><embed id=\"RTVEPlayer1466\" type=\"application\/x-shockwave-flash\" width=\"425\" height=\"300\" src=\"http:\/\/www.rtve.es\/swf\/v2\/embed\/802450_es_videos\/RTVEPlayer.swf\" name=\"RTVEPlayer1466\" allowfullscreen=\"true\" allowscriptaccess=\"always\"><\/embed><\/object><\/p>\n<p>Para los fans de mi pelo largo&#8230; \ud83d\ude42 \u00a1Pero que sep\u00e1is que me lo he vuelto a cortar! Este es el episodio, <a href=\"http:\/\/www.rtve.es\/mediateca\/videos\/20100616\/nube-tags-42---16-junio\/802450.shtml\">emitido el 16 de junio<\/a>, de <a href=\"http:\/\/www.rtve.es\/television\/nube-de-tags\/\">Nube de Tags<\/a>, un muy entretenido y curioso programa que se emite en Cultural.es, el canal cultural de TVE que como sab\u00e9is va a desaparecer (el canal, no el programa) sin haber llegado a superar siquiera el periodo de emisi\u00f3n en pruebas. Una m\u00e1s de las recientes cagadas de RTVE.<br \/>\nLa entrevista fue muy agradable, me la hizo en dos partes Pablo \u00c1lvarez. El programa est\u00e1 dirigido por Diego Ortiz (le recordar\u00e9is de La M\u00e1s Bella). La primera parte de la entrevista no aparece en el programa, s\u00f3lo un par de recursos, por problemas de tiempo; fue la que se hizo en Radio Carcoma mientras grab\u00e1bamos <a href=\"http:\/\/quiereshacerelfavor.wordpress.com\">\u00bfQuieres hacer el favor de leer esto, por favor?<\/a> La segunda parte est\u00e1 grabada en <a href=\"http:\/\/www.raraavisstore.com\/\">Rara Avis<\/a>, tienda que os recomiendo siempre.<\/p>\n","protected":false},"excerpt":{"rendered":"<p>Nube de tags 42 \/ 16 de Junio Para los fans de mi pelo largo&#8230; \ud83d\ude42 \u00a1Pero que sep\u00e1is que me lo he vuelto a cortar! Este es el episodio, emitido el 16 de junio, de Nube de Tags, un muy entretenido y curioso programa que se emite en Cultural.es, el canal cultural de TVE [&hellip;]<\/p>\n","protected":false},"author":1,"featured_media":0,"comment_status":"open","ping_status":"open","sticky":false,"template":"","format":"standard","meta":{"footnotes":""},"categories":[2],"tags":[],"class_list":["post-2001516","post","type-post","status-publish","format-standard","hentry","category-twentytwentyfive"],"_links":{"self":[{"href":"https:\/\/www.elenacabrera.com\/weblog3\/wp-json\/wp\/v2\/posts\/2001516","targetHints":{"allow":["GET"]}}],"collection":[{"href":"https:\/\/www.elenacabrera.com\/weblog3\/wp-json\/wp\/v2\/posts"}],"about":[{"href":"https:\/\/www.elenacabrera.com\/weblog3\/wp-json\/wp\/v2\/types\/post"}],"author":[{"embeddable":true,"href":"https:\/\/www.elenacabrera.com\/weblog3\/wp-json\/wp\/v2\/users\/1"}],"replies":[{"embeddable":true,"href":"https:\/\/www.elenacabrera.com\/weblog3\/wp-json\/wp\/v2\/comments?post=2001516"}],"version-history":[{"count":1,"href":"https:\/\/www.elenacabrera.com\/weblog3\/wp-json\/wp\/v2\/posts\/2001516\/revisions"}],"predecessor-version":[{"id":2002002653,"href":"https:\/\/www.elenacabrera.com\/weblog3\/wp-json\/wp\/v2\/posts\/2001516\/revisions\/2002002653"}],"wp:attachment":[{"href":"https:\/\/www.elenacabrera.com\/weblog3\/wp-json\/wp\/v2\/media?parent=2001516"}],"wp:term":[{"taxonomy":"category","embeddable":true,"href":"https:\/\/www.elenacabrera.com\/weblog3\/wp-json\/wp\/v2\/categories?post=2001516"},{"taxonomy":"post_tag","embeddable":true,"href":"https:\/\/www.elenacabrera.com\/weblog3\/wp-json\/wp\/v2\/tags?post=2001516"}],"curies":[{"name":"wp","href":"https:\/\/api.w.org\/{rel}","templated":true}]}}