{"id":2001539,"date":"2010-07-02T01:25:48","date_gmt":"2010-07-02T00:25:48","guid":{"rendered":""},"modified":"2010-07-02T01:29:55","modified_gmt":"2010-07-02T00:29:55","slug":"no-al-desalojo-de-la-asociacion-de-vecinos-valle-inclan-de-prosperidad","status":"publish","type":"post","link":"https:\/\/www.elenacabrera.com\/weblog3\/2010\/07\/02\/no-al-desalojo-de-la-asociacion-de-vecinos-valle-inclan-de-prosperidad\/","title":{"rendered":"No al desalojo de la Asociaci\u00f3n de Vecinos Valle-Incl\u00e1n de Prosperidad"},"content":{"rendered":"<p>\u00abA tenor de los apoyos recabados hasta el momento y de la determinaci\u00f3n mostrada esta ma\u00f1ana por la asociaci\u00f3n vecinal Valle-Incl\u00e1n, la Comunidad de Madrid no va a tener nada f\u00e1cil desalojar su local el pr\u00f3ximo lunes, tal y como ha anunciado\u00bb. As\u00ed comienza la nota de prensa difundida por la Federaci\u00f3n Regional de Asociaciones de Vecinos de Madrid tras la rueda de prensa que tuvo lugar ayer y a la que pude acudir.<\/p>\n<p>Aunque prensa hab\u00eda poca, s\u00ed hab\u00eda muchos apoyos vecinales, asociaciones y representantes pol\u00edticos y culturales. Que las intenciones de la CAM de desalojar los locales para ponerlos a disposici\u00f3n de Hacienda y \u00abrentabilizarlos\u00bb haya coincidido con la lucha de los trabajadores y trabajadoras de Metro de Madrid ha sido una faena porque este atropello puede pasar desapercibido.<\/p>\n<p>En lo que a m\u00ed concierne, intento ayudar a que esto no suceda, y por ello he hablado en el <a href=\"http:\/\/www.nodo50.org\/comunes\/?Grabacion-de-Comunes-1-de-julio\">Comunes de hoy<\/a> bastante rato sobre el tema y hemos puesto unos cortes de audio grabados en esta rueda de prensa. Escuch\u00e1is el programa d\u00e1ndole al play o <a href=\"http:\/\/www.archive.org\/download\/ComunesProgramaSobreCulturaLibre.01-07-2010\/Comunes01-07-10.mp3\">aqu\u00ed<\/a> para descargar:<\/p>\n[audio:http:\/\/www.archive.org\/download\/ComunesProgramaSobreCulturaLibre.01-07-2010\/Comunes01-07-10.mp3]\n<p><img decoding=\"async\" src=\"http:\/\/2.bp.blogspot.com\/_39HNir3FHvM\/TCxuhCrnjmI\/AAAAAAAAAEM\/4aBHR_sBJeI\/s1600\/CARTEL+5jL.jpg\" alt=\"\" \/><\/p>\n<p><img decoding=\"async\" src=\"http:\/\/4.bp.blogspot.com\/_39HNir3FHvM\/TCtzXv-swHI\/AAAAAAAAADk\/X8Ve-k96UFQ\/s1600\/DSC_1127.JPG\" alt=\"\" \/><\/p>\n","protected":false},"excerpt":{"rendered":"<p>\u00abA tenor de los apoyos recabados hasta el momento y de la determinaci\u00f3n mostrada esta ma\u00f1ana por la asociaci\u00f3n vecinal Valle-Incl\u00e1n, la Comunidad de Madrid no va a tener nada f\u00e1cil desalojar su local el pr\u00f3ximo lunes, tal y como ha anunciado\u00bb. As\u00ed comienza la nota de prensa difundida por la Federaci\u00f3n Regional de Asociaciones [&hellip;]<\/p>\n","protected":false},"author":1,"featured_media":0,"comment_status":"open","ping_status":"open","sticky":false,"template":"","format":"standard","meta":{"footnotes":""},"categories":[],"tags":[],"class_list":["post-2001539","post","type-post","status-publish","format-standard","hentry"],"_links":{"self":[{"href":"https:\/\/www.elenacabrera.com\/weblog3\/wp-json\/wp\/v2\/posts\/2001539","targetHints":{"allow":["GET"]}}],"collection":[{"href":"https:\/\/www.elenacabrera.com\/weblog3\/wp-json\/wp\/v2\/posts"}],"about":[{"href":"https:\/\/www.elenacabrera.com\/weblog3\/wp-json\/wp\/v2\/types\/post"}],"author":[{"embeddable":true,"href":"https:\/\/www.elenacabrera.com\/weblog3\/wp-json\/wp\/v2\/users\/1"}],"replies":[{"embeddable":true,"href":"https:\/\/www.elenacabrera.com\/weblog3\/wp-json\/wp\/v2\/comments?post=2001539"}],"version-history":[{"count":0,"href":"https:\/\/www.elenacabrera.com\/weblog3\/wp-json\/wp\/v2\/posts\/2001539\/revisions"}],"wp:attachment":[{"href":"https:\/\/www.elenacabrera.com\/weblog3\/wp-json\/wp\/v2\/media?parent=2001539"}],"wp:term":[{"taxonomy":"category","embeddable":true,"href":"https:\/\/www.elenacabrera.com\/weblog3\/wp-json\/wp\/v2\/categories?post=2001539"},{"taxonomy":"post_tag","embeddable":true,"href":"https:\/\/www.elenacabrera.com\/weblog3\/wp-json\/wp\/v2\/tags?post=2001539"}],"curies":[{"name":"wp","href":"https:\/\/api.w.org\/{rel}","templated":true}]}}