{"id":2001563,"date":"2010-08-10T21:26:35","date_gmt":"2010-08-10T20:26:35","guid":{"rendered":""},"modified":"2010-08-10T21:28:53","modified_gmt":"2010-08-10T20:28:53","slug":"tres-cosas-que-he-aprendido-de-los-festivales-alemanes","status":"publish","type":"post","link":"https:\/\/www.elenacabrera.com\/weblog3\/2010\/08\/10\/tres-cosas-que-he-aprendido-de-los-festivales-alemanes\/","title":{"rendered":"Tres cosas que he aprendido de los festivales alemanes"},"content":{"rendered":"<p>Hace algo menos de un mes escrib\u00eda sobre la nostalgia por el FIB que creamos que ya no existe, o que existe menos. Ayer <a href=\"http:\/\/www.europapress.es\/cultura\/musica-00129\/noticia-festival-benicassim-recupera-nombre-20100809183541.html\">Maraworld y Heineken comunicaron la no renovaci\u00f3n del patrocinio<\/a>. Sinceramente, yo no s\u00e9 c\u00f3mo Vince Power va a poder seguir haciendo el FIB de los \u00faltimos a\u00f1os sin los millones de Heineken. Quiz\u00e1s incluso le vengan bien las 73.000 personas menos de este a\u00f1o respecto al a\u00f1o anterior para intentar hacer un festival m\u00e1s barato, m\u00e1s peque\u00f1o. Siempre se puede volver al Vel\u00f3dromo, digo yo.<\/p>\n<p>Este fin de semana he estado en Coru\u00f1a, como ya os he contado, cubriendo para P\u00fablico Africa Express, un invento de Damon Albarn que se encaj\u00f3 dentro de a Festa Dos Mundos, en Oleiros. Esta actividad formaba parte de Xacobeo 10, por lo que tuve ocasi\u00f3n de reencontrarme con Nacho Santos, gerente de Xacobeo y antiguo compa\u00f1ero en la oficina del FIB. All\u00ed, en la playa de Santa Cristina, hablamos con nostalgia de ese FIB que ya no existe.<\/p>\n<p>Yo este a\u00f1o he cambiado un festival en Benic\u00e0ssim por dos en Alemania. Lo he pasado en grande. Ya <a href=\"http:\/\/www.elenacabrera.com\/weblog\/un-pistoletazo-en-medio-de-un-concierto\/\">mencion\u00e9<\/a> que hab\u00eda estado en Leipzig para el festival g\u00f3tico m\u00e1s importante que existe, el <strong>Wave-Gotik-Treffen<\/strong>. La alusi\u00f3n qued\u00f3 ilustrada con una foto en el <a href=\"http:\/\/www.runde-ecke-leipzig.de\/cms\/\">museo de la Stasi<\/a>. Pero no habl\u00e9 nada del festival y me limit\u00e9 a apuntaros los enlaces a las cr\u00f3nicas de Alberto para La Defunci\u00f3n. Ahora, con el tiempo como distancia y la experiencia de un segundo festival alem\u00e1n, aprecio mucho m\u00e1s todo lo que viv\u00ed all\u00ed.<\/p>\n<p><strong>Las apariencias importan<\/strong>. Si hay un sitio para el que te puedes vestir sin llegar a exagerar jam\u00e1s, ese es el Treffen. Da igual lo que te pongas (como si no te pones nada, una opci\u00f3n por la que algunos tambi\u00e9n apostaron) que es imposible estar fuera de lugar. En Madrid, no aprendes a vestirte con imaginaci\u00f3n porque no hay motivos para hacerlo. Y cada vez los hay menos. Todo es aburrido. La gente se afea. Se acab\u00f3 la diversi\u00f3n y la fantas\u00eda. Pero en el Treffen ves de todo. Ves g\u00f3ticos de manual, ves after-punks con crestas y mugre, ves impresionantes vestidos victorianos que te quitan el aliento, ves steampunks, ves uniformes militares, ves chicas sencillas vestidas de negro, y a todos los ellos los encuentras juntos en una pradera haciendo un picnic.<\/p>\n<p><a title=\"Picnic Victoriano por monreal, en Flickr\" href=\"http:\/\/www.flickr.com\/photos\/60981369@N00\/4682669388\/\"><img loading=\"lazy\" decoding=\"async\" src=\"http:\/\/farm5.static.flickr.com\/4044\/4682669388_40a99acfd5.jpg\" alt=\"Picnic Victoriano\" width=\"500\" height=\"333\" \/><\/a><\/p>\n<p><strong>La m\u00fasica necesita un entorno apropiado<\/strong>. Ya basta de salas donde lo mismo da que suene salsa, pop espa\u00f1ol o flamenco. La m\u00fasica que te gusta necesita un sitio que te guste. Los localizaciones del Treffen, salpicadas en toda la ciudad de Leipzig, se adecuaban a cada tipo de m\u00fasica. Los conciertos de darkfolk ten\u00edan lugar en una preciosa y lujosa sala circular, con un ex\u00f3tico pasillo dibujando el per\u00edmetro de la circunferencia. El <a href=\"http:\/\/www.ladefuncion.com\/music\/conciertos_deta.php?recordID=39\">techno-pop lo vimos<\/a> en un lugar m\u00e1s grande, una especie de circo. El Agra era el m\u00e1s feo, pero era grande. Un recinto ferial era tambi\u00e9n el lugar elegido para el <strong>Amphi Festival<\/strong>, en Colonia. Pero \u00e9ste era m\u00e1s bonito que el de Leipzig. Al ser al aire libre, instalan unas sombrillas enormes frente al escenario, las cuales nos protegieron tanto del sol como de la lluvia.<\/p>\n<p><a title=\"sol invictus 3 por monreal, en Flickr\" href=\"http:\/\/www.flickr.com\/photos\/60981369@N00\/4749382353\/\"><img loading=\"lazy\" decoding=\"async\" src=\"http:\/\/farm5.static.flickr.com\/4079\/4749382353_9874709e95.jpg\" alt=\"sol invictus 3\" width=\"500\" height=\"333\" \/><\/a><\/p>\n<p><strong>Grupos arriesgados y festivales s\u00ed son compatibles<\/strong>. Aquello de que no ya no va a un festival a descubrir m\u00fasica sino a emborracharse no tiene porqu\u00e9 ser cierto. En realidad, la complejidad del cartel depende de las ganas de ganar dinero del promotor. No es el p\u00fablico el que teme arriesgarse, es el programador.<\/p>\n<p><a title=\"spock 2 por monreal, en Flickr\" href=\"http:\/\/www.flickr.com\/photos\/60981369@N00\/4750035156\/\"><img loading=\"lazy\" decoding=\"async\" src=\"http:\/\/farm5.static.flickr.com\/4118\/4750035156_0932ed913a.jpg\" alt=\"spock 2\" width=\"500\" height=\"333\" \/><\/a><\/p>\n","protected":false},"excerpt":{"rendered":"<p>Hace algo menos de un mes escrib\u00eda sobre la nostalgia por el FIB que creamos que ya no existe, o que existe menos. Ayer Maraworld y Heineken comunicaron la no renovaci\u00f3n del patrocinio. Sinceramente, yo no s\u00e9 c\u00f3mo Vince Power va a poder seguir haciendo el FIB de los \u00faltimos a\u00f1os sin los millones de [&hellip;]<\/p>\n","protected":false},"author":1,"featured_media":0,"comment_status":"open","ping_status":"open","sticky":false,"template":"","format":"standard","meta":{"footnotes":""},"categories":[],"tags":[],"class_list":["post-2001563","post","type-post","status-publish","format-standard","hentry"],"_links":{"self":[{"href":"https:\/\/www.elenacabrera.com\/weblog3\/wp-json\/wp\/v2\/posts\/2001563","targetHints":{"allow":["GET"]}}],"collection":[{"href":"https:\/\/www.elenacabrera.com\/weblog3\/wp-json\/wp\/v2\/posts"}],"about":[{"href":"https:\/\/www.elenacabrera.com\/weblog3\/wp-json\/wp\/v2\/types\/post"}],"author":[{"embeddable":true,"href":"https:\/\/www.elenacabrera.com\/weblog3\/wp-json\/wp\/v2\/users\/1"}],"replies":[{"embeddable":true,"href":"https:\/\/www.elenacabrera.com\/weblog3\/wp-json\/wp\/v2\/comments?post=2001563"}],"version-history":[{"count":0,"href":"https:\/\/www.elenacabrera.com\/weblog3\/wp-json\/wp\/v2\/posts\/2001563\/revisions"}],"wp:attachment":[{"href":"https:\/\/www.elenacabrera.com\/weblog3\/wp-json\/wp\/v2\/media?parent=2001563"}],"wp:term":[{"taxonomy":"category","embeddable":true,"href":"https:\/\/www.elenacabrera.com\/weblog3\/wp-json\/wp\/v2\/categories?post=2001563"},{"taxonomy":"post_tag","embeddable":true,"href":"https:\/\/www.elenacabrera.com\/weblog3\/wp-json\/wp\/v2\/tags?post=2001563"}],"curies":[{"name":"wp","href":"https:\/\/api.w.org\/{rel}","templated":true}]}}