{"id":2001569,"date":"2010-08-11T17:51:25","date_gmt":"2010-08-11T16:51:25","guid":{"rendered":""},"modified":"2010-08-11T17:51:25","modified_gmt":"2010-08-11T16:51:25","slug":"alone-again-or-abducted","status":"publish","type":"post","link":"https:\/\/www.elenacabrera.com\/weblog3\/2010\/08\/11\/alone-again-or-abducted\/","title":{"rendered":"Alone again or&#8230; abducted"},"content":{"rendered":"<p><object classid=\"clsid:d27cdb6e-ae6d-11cf-96b8-444553540000\" width=\"480\" height=\"360\" codebase=\"http:\/\/download.macromedia.com\/pub\/shockwave\/cabs\/flash\/swflash.cab#version=6,0,40,0\"><param name=\"allowFullScreen\" value=\"true\" \/><param name=\"allowScriptAccess\" value=\"always\" \/><param name=\"src\" value=\"http:\/\/www.dailymotion.com\/swf\/video\/xz3q2_for-r-est-in-the-des-s-ert_shortfilms?additionalInfos=0\" \/><param name=\"allowfullscreen\" value=\"true\" \/><embed type=\"application\/x-shockwave-flash\" width=\"480\" height=\"360\" src=\"http:\/\/www.dailymotion.com\/swf\/video\/xz3q2_for-r-est-in-the-des-s-ert_shortfilms?additionalInfos=0\" allowscriptaccess=\"always\" allowfullscreen=\"true\"><\/embed><\/object><\/p>\n<p>No hab\u00eda visto este corto genial de Luiso Berdejo, titulado <em>For(r)est in the Des(s)ert<\/em>. Berdejo naci\u00f3 en Donosti en 1975. Ese a\u00f1o que he buscado tantas veces en las biograf\u00edas porque yo tambi\u00e9n nac\u00ed en \u00e9l. Luiso, o Luis o Luis Alejandro, es guionista de las dos\u00a0<em>[REC]<\/em> y <a href=\"http:\/\/pacoplaza.blogspot.com\/2010\/07\/luiso-berdejo-on-fire_07.html\">tambi\u00e9n de la tercera<\/a>, despu\u00e9s de hacer cortos brillantes, realiz\u00f3 su primer largo &#8211;<em>The New Daughter<\/em>&#8211; en Estados Unidos con la ni\u00f1a de <em>El Laberinto del Fauno<\/em> y Kevin Costner, qui\u00e9n sabr\u00e1 porqu\u00e9. Kevin Costner. Se estrena el 15 de octubre.<\/p>\n<p>Esta foto es de hace unos d\u00edas. La ha publicado Paco Plaza, co-director de [REC] en su blog, y en \u00e9l vemos a Luiso con una copa de vino repasando la estructura de <em>[REC] Genesis<\/em> sobre un mantel de papel:<\/p>\n<p style=\"text-align: center;\"><img loading=\"lazy\" decoding=\"async\" class=\"aligncenter\" title=\"Luiso Berdejo\" src=\"http:\/\/1.bp.blogspot.com\/_o7oVJmg7DCQ\/TDa1yh4y5UI\/AAAAAAAAAXY\/5XbgKOry85o\/s1600\/LuisoEstructura.jpg\" alt=\"\" width=\"484\" height=\"362\" \/><\/p>\n","protected":false},"excerpt":{"rendered":"<p>No hab\u00eda visto este corto genial de Luiso Berdejo, titulado For(r)est in the Des(s)ert. Berdejo naci\u00f3 en Donosti en 1975. Ese a\u00f1o que he buscado tantas veces en las biograf\u00edas porque yo tambi\u00e9n nac\u00ed en \u00e9l. Luiso, o Luis o Luis Alejandro, es guionista de las dos\u00a0[REC] y tambi\u00e9n de la tercera, despu\u00e9s de hacer [&hellip;]<\/p>\n","protected":false},"author":1,"featured_media":0,"comment_status":"open","ping_status":"open","sticky":false,"template":"","format":"standard","meta":{"footnotes":""},"categories":[],"tags":[],"class_list":["post-2001569","post","type-post","status-publish","format-standard","hentry"],"_links":{"self":[{"href":"https:\/\/www.elenacabrera.com\/weblog3\/wp-json\/wp\/v2\/posts\/2001569","targetHints":{"allow":["GET"]}}],"collection":[{"href":"https:\/\/www.elenacabrera.com\/weblog3\/wp-json\/wp\/v2\/posts"}],"about":[{"href":"https:\/\/www.elenacabrera.com\/weblog3\/wp-json\/wp\/v2\/types\/post"}],"author":[{"embeddable":true,"href":"https:\/\/www.elenacabrera.com\/weblog3\/wp-json\/wp\/v2\/users\/1"}],"replies":[{"embeddable":true,"href":"https:\/\/www.elenacabrera.com\/weblog3\/wp-json\/wp\/v2\/comments?post=2001569"}],"version-history":[{"count":0,"href":"https:\/\/www.elenacabrera.com\/weblog3\/wp-json\/wp\/v2\/posts\/2001569\/revisions"}],"wp:attachment":[{"href":"https:\/\/www.elenacabrera.com\/weblog3\/wp-json\/wp\/v2\/media?parent=2001569"}],"wp:term":[{"taxonomy":"category","embeddable":true,"href":"https:\/\/www.elenacabrera.com\/weblog3\/wp-json\/wp\/v2\/categories?post=2001569"},{"taxonomy":"post_tag","embeddable":true,"href":"https:\/\/www.elenacabrera.com\/weblog3\/wp-json\/wp\/v2\/tags?post=2001569"}],"curies":[{"name":"wp","href":"https:\/\/api.w.org\/{rel}","templated":true}]}}