{"id":2001573,"date":"2010-08-11T18:43:39","date_gmt":"2010-08-11T17:43:39","guid":{"rendered":""},"modified":"2010-08-11T19:15:26","modified_gmt":"2010-08-11T18:15:26","slug":"interior-holanda","status":"publish","type":"post","link":"https:\/\/www.elenacabrera.com\/weblog3\/2010\/08\/11\/interior-holanda\/","title":{"rendered":"Interior. Holanda."},"content":{"rendered":"<p>Holanda es un pa\u00eds muy curioso. Echan trocitos de chocolate sobre la mantequilla, tienen coches peque\u00f1os (pocos) y \u00faltimos modelos de bicicletas (muchas), adoran la jardiner\u00eda, son tranquilos, ordenados y sin grandes aspiraciones. Pareciera que hubieran abandonado las inquietudes art\u00edsticas a cambio del arte de la decoraci\u00f3n de interiores, un terreno en el que s\u00f3lo compiten contra las damas m\u00e1s cursis de Inglaterra.<\/p>\n<p style=\"text-align: center;\"><a title=\"Interiores holandeses por elenac, en Flickr\" href=\"http:\/\/www.flickr.com\/photos\/elenac\/4882947430\/\"><img loading=\"lazy\" decoding=\"async\" class=\"aligncenter\" src=\"http:\/\/farm5.static.flickr.com\/4074\/4882947430_d88eacea92.jpg\" alt=\"Interiores holandeses\" width=\"500\" height=\"375\" \/><\/a><\/p>\n<p>Es un pa\u00eds llano cuya monta\u00f1a m\u00e1s alta, <a href=\"http:\/\/es.wikipedia.org\/wiki\/Vaalserberg\">su \u00fanica monta\u00f1a<\/a>, mide 300 metros. Los holandeses est\u00e1n orgullosos de ser tan llanos y de tener una excepci\u00f3n con la que hacer chistes.<\/p>\n<p>Con lo que all\u00ed no se bromea es con los alemanes, a no ser que sea para ponerles a caldo. No les gustan. Odiar a Alemania es un deporte nacional holand\u00e9s que supera con creces el anti-gabachismo hisp\u00e1nico. Los alemanes entran a Holanda a comprar mar\u00eda, pues el consumo est\u00e1 liberalizado. Los holandeses les devuelven la jugada entrando a Alemania a comprar DVDs, pues el IVA es menor all\u00ed.<\/p>\n<p>A los holandeses les encanta el f\u00fatbol pero no saben perder. Unos d\u00edas despu\u00e9s de erigirse subcampeones del mundo, los holandeses hab\u00edan retirado sus banderas naranjas de balcones y ventanas. En toda la ciudad de Venlo s\u00f3lo vi una. Tambi\u00e9n vi c\u00f3mo los holandeses y los alemanes pon\u00edan caras raras a un espa\u00f1ol con camiseta futbolera neerlandesa. \u00abPringao\u00bb, deb\u00edan estar pensando.<\/p>\n<p>En Espa\u00f1a nos acordaremos de Maastricht siempre por <a href=\"http:\/\/es.wikipedia.org\/wiki\/Tratado_de_la_Uni\u00f3n_Europea\">el tratado<\/a>. Yo pens\u00e9 que ir a Maastricht es ir al centro del europe\u00edsmo. Pues no. Maastricht es el centro de las boutiques de moda. Y tiene una puerta en una muralla que se llama Puerta del Infierno. Ls habitantes de Manzanares el Real est\u00e1n muy orgullosos de que la Comunidad de Madrid se constituyera en su castillo. Pero en Maastricht no hay ning\u00fan recuerdo aparente de la creaci\u00f3n de la Uni\u00f3n Europea.<\/p>\n","protected":false},"excerpt":{"rendered":"<p>Holanda es un pa\u00eds muy curioso. Echan trocitos de chocolate sobre la mantequilla, tienen coches peque\u00f1os (pocos) y \u00faltimos modelos de bicicletas (muchas), adoran la jardiner\u00eda, son tranquilos, ordenados y sin grandes aspiraciones. Pareciera que hubieran abandonado las inquietudes art\u00edsticas a cambio del arte de la decoraci\u00f3n de interiores, un terreno en el que s\u00f3lo [&hellip;]<\/p>\n","protected":false},"author":1,"featured_media":0,"comment_status":"open","ping_status":"open","sticky":false,"template":"","format":"standard","meta":{"footnotes":""},"categories":[],"tags":[],"class_list":["post-2001573","post","type-post","status-publish","format-standard","hentry"],"_links":{"self":[{"href":"https:\/\/www.elenacabrera.com\/weblog3\/wp-json\/wp\/v2\/posts\/2001573","targetHints":{"allow":["GET"]}}],"collection":[{"href":"https:\/\/www.elenacabrera.com\/weblog3\/wp-json\/wp\/v2\/posts"}],"about":[{"href":"https:\/\/www.elenacabrera.com\/weblog3\/wp-json\/wp\/v2\/types\/post"}],"author":[{"embeddable":true,"href":"https:\/\/www.elenacabrera.com\/weblog3\/wp-json\/wp\/v2\/users\/1"}],"replies":[{"embeddable":true,"href":"https:\/\/www.elenacabrera.com\/weblog3\/wp-json\/wp\/v2\/comments?post=2001573"}],"version-history":[{"count":0,"href":"https:\/\/www.elenacabrera.com\/weblog3\/wp-json\/wp\/v2\/posts\/2001573\/revisions"}],"wp:attachment":[{"href":"https:\/\/www.elenacabrera.com\/weblog3\/wp-json\/wp\/v2\/media?parent=2001573"}],"wp:term":[{"taxonomy":"category","embeddable":true,"href":"https:\/\/www.elenacabrera.com\/weblog3\/wp-json\/wp\/v2\/categories?post=2001573"},{"taxonomy":"post_tag","embeddable":true,"href":"https:\/\/www.elenacabrera.com\/weblog3\/wp-json\/wp\/v2\/tags?post=2001573"}],"curies":[{"name":"wp","href":"https:\/\/api.w.org\/{rel}","templated":true}]}}