{"id":2001580,"date":"2010-08-13T17:39:51","date_gmt":"2010-08-13T15:39:51","guid":{"rendered":""},"modified":"2019-05-25T19:25:34","modified_gmt":"2019-05-25T17:25:34","slug":"el-anarquista-y-amoral-octave-mirbeau","status":"publish","type":"post","link":"https:\/\/www.elenacabrera.com\/weblog3\/2010\/08\/13\/el-anarquista-y-amoral-octave-mirbeau\/","title":{"rendered":"El anarquista y amoral Octave Mirbeau"},"content":{"rendered":"<p style=\"text-align: right;\"><em>\u00abEl arte no est\u00e1 hecho para establecer que dos y dos son cuatro&#8230; El arte est\u00e1 hecho \u00fanicamente para ir en busca de la belleza oculta tras las cosas&#8230; \u00a1Para qu\u00e9 escribir lo que todo el mundo sabe&#8230;! \u00a1El \u00faltimo ujier y el \u00faltimo c\u00f3mico siempre ser\u00e1n, desde ese punto de vista, mucho mejores que t\u00fa&#8230;! \u00a1Diablos! \u00a1Tienes que ser oscuro! La oscuridad es la joya suprema del arte.. \u00a1Ah\u00ed radica su dignidad&#8230;! \u00a1S\u00f3lo los patanes y los profesores escriben con claridad! Y es que ellos jam\u00e1s sintieron que todo es misterio, y que el misterio no se expresa como un calambur o como un contrato de matrimonio&#8230; \u00bfEs clara la naturaleza&#8230;?\u00bb.<\/em><\/p>\n<p>Bajo este decimon\u00f3nico prisma le hace hablar a Lucien, un trasunto de Van Gogh, el escritor <strong>Octave Mirbeau <\/strong>en su novelita <em>En el cielo<\/em>, que ahora estoy terminando de leer. Es la cuarta obra de Mirbeau que leo; me tiene obsesionada.<\/p>\n<p style=\"text-align: center;\"><img loading=\"lazy\" decoding=\"async\" class=\"aligncenter\" src=\"http:\/\/imagecache2.allposters.com\/images\/BRGPOD\/218624.jpg\" alt=\"\" width=\"400\" height=\"300\" \/><\/p>\n<p>Esta ma\u00f1ana estaba viendo la tele -los dibujos- mientras desayunaba. Ve\u00eda <a href=\"http:\/\/es.wikipedia.org\/wiki\/\u00c9rase_una_vez..._los_inventores\"><em>\u00c9rase una vez&#8230; Los Inventores<\/em><\/a>. Se trataba de un <a href=\"http:\/\/documentales-mhf.blogspot.com\/2010\/01\/erase-una-vez-los-inventores-1994.html\">cap\u00edtulo<\/a> dedicado a Marie Curie (video <a href=\"http:\/\/www.youtube.com\/watch?v=No-IcEksgTU\">1<\/a>, <a href=\"http:\/\/www.youtube.com\/watch?v=wCULVJdU2Tk\">2<\/a> y <a href=\"http:\/\/www.youtube.com\/watch?v=nt97BGUzlZU\">3<\/a>). El <a href=\"http:\/\/www.tomadivx.org\/imagenes\/series\/inventores.jpg\">pelanas<\/a> insist\u00eda a los ni\u00f1os, mientras les contaba la historia de la f\u00edsica descubridora del radio, lo relevante del hecho de tratarse de una mujer. Les dice: \u00abel c\u00e9lebre escritor Octavio Mirbeau dec\u00eda en aquella \u00e9poca que las mujeres deben dedicarse a sus quehaceres dom\u00e9sticos\u00bb.<\/p>\n<p>Tendr\u00edais que haber visto lo sorprendida que me dej\u00f3 el comentario del pelanas. \u00bfC\u00e9lebre? Hasta hace un a\u00f1o yo no conoc\u00eda a Mirbeau. Despu\u00e9s repar\u00e9 en que <em>\u00c9rase una vez <\/em>es una serie francesa y que all\u00ed, claro que s\u00ed, s\u00ed deb\u00eda ser c\u00e9lebre este autor nacido en Normand\u00eda en 1948. Lo siguiente que pens\u00e9 fue \u00bfMirbeau opina eso de las mujeres? Bueno, puede ser, a fin de cuentas nos movemos en el Fin de Siglo XIX, no ser\u00eda de extra\u00f1ar. A Mirbeau no le gustaban los prerrafaelitas, y eso es algo mucho m\u00e1s preocupante. No obstante, he le\u00eddo cuatro obras suyas y no he encontrado una opini\u00f3n semejante.<\/p>\n<p>Las mujeres de sus libros, al menos aquellas que he conocido, no se quedan en casa dedic\u00e1ndose a sus labores. <a href=\"http:\/\/es.wikipedia.org\/wiki\/El_jard%C3%ADn_de_los_suplicios\">Una<\/a> encuentra un supremo goce en la tortura, la <a href=\"http:\/\/es.wikipedia.org\/wiki\/Diario_de_una_camarera_(novela)\">otra<\/a> en el asesinato. Son mujeres que, como \u00e9l, son anarquistas y amorales.<\/p>\n<p>(No obstante, la pregunta est\u00e1 en el aire. Existe un ensayo de <a href=\"http:\/\/michel.mirbeau.perso.sfr.fr\/\">Pierre Michel<\/a> -presidente de la Soci\u00e9t\u00e9 Octave Mirbeau, probablemente la persona que m\u00e1s sabe sobre el autor- titulado <em>Octave Mirbeau: \u00bfginec\u00f3fobo o feminista?<\/em>, en el libro de Bard <em><a href=\"http:\/\/www.lalibreriadelau.com\/libros-de-sociologia-sociedad-y-cultura-ca22_53\/libro-un-siglo-de-antifeminismo-el-largo-camino-toc19233\">Un siglo de antifeminismo<\/a><\/em>).<\/p>\n<p>Yo creo que este es un buen momento para recuperar a Mirbeau. La coincidencia de tres ediciones de sus obras lo propicia. Nosotras le dedicaremos un programa cuando arranque la nueva temporada de <a href=\"http:\/\/quiereshacerelfavor.wordpress.com\/\">\u00bfQuieres hacer el favor de leer esto, por favor?<\/a> para aportar argumentos a su reinserci\u00f3n en el discurso literario actual.<\/p>\n<p><img loading=\"lazy\" decoding=\"async\" class=\"alignleft\" src=\"http:\/\/upload.wikimedia.org\/wikipedia\/commons\/thumb\/b\/b9\/Jardin-Maucci.jpg\/300px-Jardin-Maucci.jpg\" alt=\"\" width=\"300\" height=\"450\" \/>Mirbeau era un <a href=\"http:\/\/es.wikipedia.org\/wiki\/Caso_Dreyfus\">dreyfusista<\/a> en tiempos en los que hab\u00eda que tomar partido y acarrearlo de los cafetines y los peri\u00f3dicos a las obras literarias. No es que Mirbeau escribiera otro <em><a href=\"http:\/\/es.wikipedia.org\/wiki\/J'accuse...!\">Yo acuso<\/a>:<\/em> los personajes de sus novelas son dreyfusistas unos y antidreyfusistas otros (o pro israel\u00edes unos y antisemitas otros). Aunque sobre todo predominan los personajes conservadores, al contrario que Mirbeau, probablemente algo exagerados, tal y como un escritor desde la izquierda retratar\u00eda hoy a un neoultraliberal: dejando que se ponga en evidencia.<\/p>\n<p>A pesar de ello, lo que m\u00e1s me gusta de Mirbeau no es su compromiso con la sociedad y sus problemas derivados de los conflictos entre clases y el reparto de la riqueza. Lo que me apasiona del escritor y periodista es su amoralidad y su incorrecci\u00f3n. Las crudas defensas del asesinato (en el prefacio de <em>El jard\u00edn de los suplicios<\/em> o en <em>Diario de una camarera<\/em>) se sit\u00faan m\u00e1s all\u00e1 de la ley. La exploraci\u00f3n del placer le lleva a territorios escabrosos en los que es necesario adentrarse sin prejuicios, amoralmente, para comprender la esencia s\u00f3rdida y deliciosa del alma humana.<\/p>\n<p>Tambi\u00e9n aprecio su decadentismo, que en m\u00e1s de una ocasi\u00f3n le empareja a <a href=\"http:\/\/es.wikipedia.org\/wiki\/Joris-Karl_Huysmans\">Huysmans<\/a>, su placer por lo ex\u00f3tico, por el simbolismo, por el \u00e9xtasis del arte. Sucedi\u00e9ndose esas sublimaciones siempre dentro de la cr\u00edtica social, incluso cuando sus personajes buscan con obstinaci\u00f3n el exilio.<\/p>\n<p>Mirbeau es un esc\u00e1ndalo. Me lo parece ahora, \u00a1c\u00f3mo no deb\u00eda de serlo hace 110 a\u00f1os!<\/p>\n","protected":false},"excerpt":{"rendered":"<p>\u00abEl arte no est\u00e1 hecho para establecer que dos y dos son cuatro&#8230; El arte est\u00e1 hecho \u00fanicamente para ir en busca de la belleza oculta tras las cosas&#8230; \u00a1Para qu\u00e9 escribir lo que todo el mundo sabe&#8230;! \u00a1El \u00faltimo ujier y el \u00faltimo c\u00f3mico siempre ser\u00e1n, desde ese punto de vista, mucho mejores que [&hellip;]<\/p>\n","protected":false},"author":1,"featured_media":0,"comment_status":"open","ping_status":"open","sticky":false,"template":"","format":"standard","meta":{"footnotes":""},"categories":[],"tags":[],"class_list":["post-2001580","post","type-post","status-publish","format-standard","hentry"],"_links":{"self":[{"href":"https:\/\/www.elenacabrera.com\/weblog3\/wp-json\/wp\/v2\/posts\/2001580","targetHints":{"allow":["GET"]}}],"collection":[{"href":"https:\/\/www.elenacabrera.com\/weblog3\/wp-json\/wp\/v2\/posts"}],"about":[{"href":"https:\/\/www.elenacabrera.com\/weblog3\/wp-json\/wp\/v2\/types\/post"}],"author":[{"embeddable":true,"href":"https:\/\/www.elenacabrera.com\/weblog3\/wp-json\/wp\/v2\/users\/1"}],"replies":[{"embeddable":true,"href":"https:\/\/www.elenacabrera.com\/weblog3\/wp-json\/wp\/v2\/comments?post=2001580"}],"version-history":[{"count":1,"href":"https:\/\/www.elenacabrera.com\/weblog3\/wp-json\/wp\/v2\/posts\/2001580\/revisions"}],"predecessor-version":[{"id":2002002652,"href":"https:\/\/www.elenacabrera.com\/weblog3\/wp-json\/wp\/v2\/posts\/2001580\/revisions\/2002002652"}],"wp:attachment":[{"href":"https:\/\/www.elenacabrera.com\/weblog3\/wp-json\/wp\/v2\/media?parent=2001580"}],"wp:term":[{"taxonomy":"category","embeddable":true,"href":"https:\/\/www.elenacabrera.com\/weblog3\/wp-json\/wp\/v2\/categories?post=2001580"},{"taxonomy":"post_tag","embeddable":true,"href":"https:\/\/www.elenacabrera.com\/weblog3\/wp-json\/wp\/v2\/tags?post=2001580"}],"curies":[{"name":"wp","href":"https:\/\/api.w.org\/{rel}","templated":true}]}}