{"id":20016,"date":"2008-11-05T22:18:27","date_gmt":"2008-11-05T21:18:27","guid":{"rendered":""},"modified":"2008-11-05T22:20:23","modified_gmt":"2008-11-05T21:20:23","slug":"hoy-he-estado-en-una-pomada-de-senores-mayores","status":"publish","type":"post","link":"https:\/\/www.elenacabrera.com\/weblog3\/2008\/11\/05\/hoy-he-estado-en-una-pomada-de-senores-mayores\/","title":{"rendered":"Hoy he estado en una pomada de se\u00f1ores mayores"},"content":{"rendered":"<p style=\"text-align: left;\">Dios salve a <span style=\"color: #800000;\"><strong>\u00c1lvaro Pombo<\/strong><\/span>, aunque no le guste el <span style=\"color: #800000;\"><strong>juez Garz\u00f3n<\/strong><\/span> (\u00abese juez calav\u00e9rico, \u00f3seo\u00bb, dice) porque sin \u00e9l la presentaci\u00f3n de los Premios Planeta 2008 en Madrid habr\u00eda sido otro acto m\u00e1s institucional, a medio camino entre el acto de ministerio y el acto de comunidad aut\u00f3noma.<\/p>\n<p style=\"text-align: left;\">Hab\u00eda una pomada tan buena que ni <span style=\"color: #800000;\"><strong>Carmona y Caballero<\/strong><\/span> so\u00f1aron jam\u00e1s con ella: <span style=\"color: #800000;\"><strong>Esperanza Aguirre<\/strong><\/span> con traje rojo y <span style=\"color: #800000;\"><strong>Alberto Ruiz Gallard\u00f3n<\/strong><\/span> con muletas, ambos juntos en primera fila; escritores viejunos y mujeres de buen ver que un d\u00eda ganaron tambi\u00e9n el Planeta; dos infiltrados de <a href=\"http:\/\/www.paramountcomedy.es\">Paramount Comedy<\/a> (hola <span style=\"color: #800000;\"><strong>Miguel<\/strong><\/span>, y <a href=\"http:\/\/www.paramountcomedy.es\/pc.es\/sap\/solo.jhtml\"><span style=\"color: #800000;\"><strong>Juan<\/strong><\/span><\/a>)&#8230;<\/p>\n<p style=\"text-align: center;\"><a href=\"http:\/\/www.elenacabrera.com\/weblog\/wp-content\/uploads\/2008\/11\/img_0007.jpg\"><img loading=\"lazy\" decoding=\"async\" class=\"size-full wp-image-17 alignnone\" title=\"Miguel y Juan\" src=\"http:\/\/www.elenacabrera.com\/weblog\/wp-content\/uploads\/2008\/11\/img_0007.jpg\" alt=\"\" width=\"250\" height=\"334\" \/><\/a><\/p>\n<p style=\"text-align: left;\">\n<p style=\"text-align: left;\"><span style=\"color: #800000;\"><span style=\"color: #ffffff;\">&#8230;<\/span><strong>Luis del Val<\/strong><\/span>, el que mejor celebr\u00f3 los chistes de Pombo; <span style=\"color: #800000;\"><strong>Guillermo Summers<\/strong><\/span>, a mi lado; y tres maravillosas mujeres que me parecieron encantadoras y por ello les ped\u00ed una foto:<\/p>\n<p style=\"text-align: center;\"><img loading=\"lazy\" decoding=\"async\" class=\"aligncenter\" title=\"Planetas 2008\" src=\"http:\/\/farm4.static.flickr.com\/3171\/3005591753_004f75404d.jpg\" alt=\"\" width=\"500\" height=\"375\" \/><\/p>\n<p style=\"text-align: center;\">\n<p style=\"text-align: left;\">Unos vinos, berenjenas empanadas en miel, tempura, huevos de codorniz empanados, barquitas de queso batido y pastelillos variados despu\u00e9s, <span style=\"color: #800000;\"><strong>Carmen \u00c1lvarez<\/strong><\/span> y yo volvimos a la redacci\u00f3n y all\u00ed escribimos juntas <a href=\"http:\/\/www.adn.es\/cultura\/20081105\/NWS-2006-savater-premio-planeta-pombo-vallvey.html\"><em>Lecciones de humor en los premios Planeta<\/em><\/a>. Un rato despu\u00e9s lleg\u00f3 <span style=\"color: #800000;\"><strong>Fernando Savater<\/strong><\/span> y pas\u00e9 un muy buen rato tecleando por \u00e9l -\u00a1no se trajo las gafas de escribir!- las respuestas que me dictaba en la <a href=\"http:\/\/www.adn.es\/cultura\/20081028\/INT-0002-entrevista-digital-chat-fernando-savater.html\">entrevista digital con los lectores de ADN.es<\/a>.<\/p>\n<p style=\"text-align: left;\">De lo que dijo, me gust\u00f3 esto: \u00abYo soy un cazador solitario y no me gustan las tertulias\u00bb y \u00abla vida est\u00e1 hecha de malentendidos y uno no debe ser demasiado susceptible si quiere disfrutarla\u00bb.<\/p>\n<p style=\"text-align: left;\">Entre pregunta y pregunta pudimos hablar algo, no mucho, pero lo que m\u00e1s me impresion\u00f3 fue que pensara que \u00e9l ya no podr\u00eda adaptarse jam\u00e1s a los medios digitales, que morir\u00eda leyendo peri\u00f3dicos, escribiendo para peri\u00f3dicos. Yo le dije que probablemente los peri\u00f3dicos en papel morir\u00edan antes que \u00e9l. A lo que me contest\u00f3 que habr\u00eda que resignarse y que era un alivio saber que al menos le quedaba tanta vida como al papel.<\/p>\n","protected":false},"excerpt":{"rendered":"<p>Dios salve a \u00c1lvaro Pombo, aunque no le guste el juez Garz\u00f3n (\u00abese juez calav\u00e9rico, \u00f3seo\u00bb, dice) porque sin \u00e9l la presentaci\u00f3n de los Premios Planeta 2008 en Madrid habr\u00eda sido otro acto m\u00e1s institucional, a medio camino entre el acto de ministerio y el acto de comunidad aut\u00f3noma. Hab\u00eda una pomada tan buena que [&hellip;]<\/p>\n","protected":false},"author":1,"featured_media":0,"comment_status":"open","ping_status":"open","sticky":false,"template":"","format":"standard","meta":{"footnotes":""},"categories":[],"tags":[],"class_list":["post-20016","post","type-post","status-publish","format-standard","hentry"],"_links":{"self":[{"href":"https:\/\/www.elenacabrera.com\/weblog3\/wp-json\/wp\/v2\/posts\/20016","targetHints":{"allow":["GET"]}}],"collection":[{"href":"https:\/\/www.elenacabrera.com\/weblog3\/wp-json\/wp\/v2\/posts"}],"about":[{"href":"https:\/\/www.elenacabrera.com\/weblog3\/wp-json\/wp\/v2\/types\/post"}],"author":[{"embeddable":true,"href":"https:\/\/www.elenacabrera.com\/weblog3\/wp-json\/wp\/v2\/users\/1"}],"replies":[{"embeddable":true,"href":"https:\/\/www.elenacabrera.com\/weblog3\/wp-json\/wp\/v2\/comments?post=20016"}],"version-history":[{"count":0,"href":"https:\/\/www.elenacabrera.com\/weblog3\/wp-json\/wp\/v2\/posts\/20016\/revisions"}],"wp:attachment":[{"href":"https:\/\/www.elenacabrera.com\/weblog3\/wp-json\/wp\/v2\/media?parent=20016"}],"wp:term":[{"taxonomy":"category","embeddable":true,"href":"https:\/\/www.elenacabrera.com\/weblog3\/wp-json\/wp\/v2\/categories?post=20016"},{"taxonomy":"post_tag","embeddable":true,"href":"https:\/\/www.elenacabrera.com\/weblog3\/wp-json\/wp\/v2\/tags?post=20016"}],"curies":[{"name":"wp","href":"https:\/\/api.w.org\/{rel}","templated":true}]}}