{"id":2001601,"date":"2010-08-16T15:04:54","date_gmt":"2010-08-16T14:04:54","guid":{"rendered":""},"modified":"2010-08-22T09:10:52","modified_gmt":"2010-08-22T08:10:52","slug":"octave-mirbeau-en-holanda","status":"publish","type":"post","link":"https:\/\/www.elenacabrera.com\/weblog3\/2010\/08\/16\/octave-mirbeau-en-holanda\/","title":{"rendered":"Octave Mirbeau en Holanda"},"content":{"rendered":"<p>En este <a href=\"http:\/\/www.elenacabrera.com\/weblog\/el-anarquista-y-amoral-octave-mirbeau\/\">verano tan mirbeauista<\/a>, no pod\u00eda pasar por alto la fascinaci\u00f3n que Octave sinti\u00f3 por Holando, ya que hace unas semanas he visitado por primera vez los Pa\u00edses Bajos.<\/p>\n<p>Mirbeau escribi\u00f3 un libro muy moderno titulado 628-E8, que era la matr\u00edcula de su muy querido autom\u00f3vil, con el que se fue de viaje por Europa. El escritor adoraba su coche, futurista s\u00edmbolo del progreso mec\u00e1nico, que hab\u00eda sido creado por el piloto de carreras <a href=\"http:\/\/en.wikipedia.org\/wiki\/Fernand_Charron\">Fernand Charron<\/a>.<\/p>\n<p>El pa\u00eds que m\u00e1s fascin\u00f3 a Mirbeau en su viaje literario fue Holanda y, curiosamente, el que m\u00e1s detest\u00f3 fue la vecina B\u00e9lgica. <a href=\"http:\/\/www.scribd.com\/doc\/2684125\/Lola-Bermudez-628E8-un-viaje-en-automovil-por-la-Europa-de-principios-del-siglo-XX-\">Escribe Lola Berm\u00fadez en el pr\u00f3logo<\/a> de la edici\u00f3n de la Universidad de C\u00e1diz que la gran importancia simbolista que tiene el puerto para el escritor (\u00abestar de lleno en un lugar y so\u00f1ar con el infinito\u00bb) provoca que considere Holanda como un gran puerto. Por eso elige este pa\u00eds como \u00absu patria de elecci\u00f3n\u00bb.<\/p>\n<p>As\u00ed escribe Mirbeau:<\/p>\n<p><em>\u00abLa Holanda de agua y cielo, la Holanda infinitamente verde, infinitamente gris perla, en la que nunca m\u00e1s osar\u00e1 aventurarse el menor recuerdo de B\u00e9lgica. Las carreteras se vuelven suaves, el\u00e1sticas, sin polvo, con su pavimento de ladrillos limpios y uniformes en medio de la llanura. Carreteras bordeadas de espl\u00e9ndidos y gigantescos \u00e1rboles [&#8230;] El agua siempre presente&#8230; brotando bajo las capas verdes de hierba como alumbra el rubor del brasero, bajo el manto de cenizas que lo recubre&#8230;\u00bb.<\/em><\/p>\n<p>Le gustan los Pa\u00edses Bajos por ser un pa\u00eds portuario, trabajador, emprendedor, no cat\u00f3lico y pacifista. <em>\u00abEstoy feliz por vivir sin prisas febriles, sin deseos bruscos ni repentinos. Con absoluta tranquilidad, gozo de la melancol\u00eda que me rodea y me penetra\u00bb<\/em>.<\/p>\n<p>Para Mirbeau y para m\u00ed, Holanda puede ser un lugar maravilloso de vacaciones pero, \u00bfd\u00f3nde est\u00e1 nervio?, \u00bfy el conflicto?, \u00bfy esa oscuridad lasciva que tanto conmueve al escritor franc\u00e9s?<\/p>\n<p>S\u00ed, Mirbeau estaba cautivado por Vincent Van Gogh -ya dije que En el cielo es una obra maravillosa de homenaje a la locura del pintor- y no puede evitar disolver el arte que adora (Van Eyck, Jordaens, Rubens, Teniers, Van Dyck, Van Gogh) y que busca durante su viaje en los museos con el pa\u00eds del que se enamora.<\/p>\n<p>En nuestra visita a Holanda vivimos en Venlo, una localidad de la \u00fanica provincia cat\u00f3lica de los Pa\u00edses Bajos: Limburgo. Una carretera, que recorrimos varias veces en bicicleta, se abre entre los \u00e1rboles para enlazar Venlo con Alemania. Unos carteles, donde ya no existe la barrera que hubo, anuncian la entrada en Deutchland. Tengo la sensaci\u00f3n de que Mirbeau tambi\u00e9n recorri\u00f3 ese camino. Escribe Lola Berm\u00fadez:<\/p>\n<p><em>La llegada a Alemania, adonde el paso de la aduana se hace sin ning\u00fan contratiempo, se presenta casi como una continuaci\u00f3n de Holanda: una hermosa carretera escoltada por olmos, una luz sorprendente, todo suavidad por la que, Brossette el ch\u00f3fer, se desliza en silencio solo atento al canto de los cilindros.<\/em><\/p>\n<p>Ojal\u00e1 tuviera una fotograf\u00eda de ese camino para mostraros. Me gustar\u00eda poder transmitiros la alegr\u00eda de ir pedaleando por esa carreterilla y cruzar una frontera que s\u00f3lo existe en los mapas y entrar en Alemania, un pa\u00eds que me gusta y mucho, y sentir que eso es Europa, que Europa es tuya.<\/p>\n","protected":false},"excerpt":{"rendered":"<p>En este verano tan mirbeauista, no pod\u00eda pasar por alto la fascinaci\u00f3n que Octave sinti\u00f3 por Holando, ya que hace unas semanas he visitado por primera vez los Pa\u00edses Bajos. Mirbeau escribi\u00f3 un libro muy moderno titulado 628-E8, que era la matr\u00edcula de su muy querido autom\u00f3vil, con el que se fue de viaje por [&hellip;]<\/p>\n","protected":false},"author":1,"featured_media":0,"comment_status":"open","ping_status":"open","sticky":false,"template":"","format":"standard","meta":{"footnotes":""},"categories":[],"tags":[],"class_list":["post-2001601","post","type-post","status-publish","format-standard","hentry"],"_links":{"self":[{"href":"https:\/\/www.elenacabrera.com\/weblog3\/wp-json\/wp\/v2\/posts\/2001601","targetHints":{"allow":["GET"]}}],"collection":[{"href":"https:\/\/www.elenacabrera.com\/weblog3\/wp-json\/wp\/v2\/posts"}],"about":[{"href":"https:\/\/www.elenacabrera.com\/weblog3\/wp-json\/wp\/v2\/types\/post"}],"author":[{"embeddable":true,"href":"https:\/\/www.elenacabrera.com\/weblog3\/wp-json\/wp\/v2\/users\/1"}],"replies":[{"embeddable":true,"href":"https:\/\/www.elenacabrera.com\/weblog3\/wp-json\/wp\/v2\/comments?post=2001601"}],"version-history":[{"count":0,"href":"https:\/\/www.elenacabrera.com\/weblog3\/wp-json\/wp\/v2\/posts\/2001601\/revisions"}],"wp:attachment":[{"href":"https:\/\/www.elenacabrera.com\/weblog3\/wp-json\/wp\/v2\/media?parent=2001601"}],"wp:term":[{"taxonomy":"category","embeddable":true,"href":"https:\/\/www.elenacabrera.com\/weblog3\/wp-json\/wp\/v2\/categories?post=2001601"},{"taxonomy":"post_tag","embeddable":true,"href":"https:\/\/www.elenacabrera.com\/weblog3\/wp-json\/wp\/v2\/tags?post=2001601"}],"curies":[{"name":"wp","href":"https:\/\/api.w.org\/{rel}","templated":true}]}}