{"id":2001611,"date":"2010-09-06T00:04:39","date_gmt":"2010-09-05T23:04:39","guid":{"rendered":""},"modified":"2010-09-06T00:09:51","modified_gmt":"2010-09-05T23:09:51","slug":"la-mano-derecha-de-la-maldicion","status":"publish","type":"post","link":"https:\/\/www.elenacabrera.com\/weblog3\/2010\/09\/06\/la-mano-derecha-de-la-maldicion\/","title":{"rendered":"La mano derecha de la maldici\u00f3n"},"content":{"rendered":"<p>Obligatorio asistir. Solomon Kane y David Rub\u00edn, dos h\u00e9roes oscuros condenados a encontrarse.<br \/>\n<a href=\"http:\/\/www.flickr.com\/photos\/elenac\/4961995382\/\" title=\"La mano derecha de la maldici\u00f3n por elenac, en Flickr\"><img loading=\"lazy\" decoding=\"async\" src=\"http:\/\/farm5.static.flickr.com\/4106\/4961995382_b64c4533f2_z.jpg\" width=\"453\" height=\"640\" alt=\"La mano derecha de la maldici\u00f3n\" \/><\/a><\/p>\n","protected":false},"excerpt":{"rendered":"<p>Obligatorio asistir. Solomon Kane y David Rub\u00edn, dos h\u00e9roes oscuros condenados a encontrarse.<\/p>\n","protected":false},"author":1,"featured_media":0,"comment_status":"open","ping_status":"open","sticky":false,"template":"","format":"standard","meta":{"footnotes":""},"categories":[],"tags":[],"class_list":["post-2001611","post","type-post","status-publish","format-standard","hentry"],"_links":{"self":[{"href":"https:\/\/www.elenacabrera.com\/weblog3\/wp-json\/wp\/v2\/posts\/2001611","targetHints":{"allow":["GET"]}}],"collection":[{"href":"https:\/\/www.elenacabrera.com\/weblog3\/wp-json\/wp\/v2\/posts"}],"about":[{"href":"https:\/\/www.elenacabrera.com\/weblog3\/wp-json\/wp\/v2\/types\/post"}],"author":[{"embeddable":true,"href":"https:\/\/www.elenacabrera.com\/weblog3\/wp-json\/wp\/v2\/users\/1"}],"replies":[{"embeddable":true,"href":"https:\/\/www.elenacabrera.com\/weblog3\/wp-json\/wp\/v2\/comments?post=2001611"}],"version-history":[{"count":0,"href":"https:\/\/www.elenacabrera.com\/weblog3\/wp-json\/wp\/v2\/posts\/2001611\/revisions"}],"wp:attachment":[{"href":"https:\/\/www.elenacabrera.com\/weblog3\/wp-json\/wp\/v2\/media?parent=2001611"}],"wp:term":[{"taxonomy":"category","embeddable":true,"href":"https:\/\/www.elenacabrera.com\/weblog3\/wp-json\/wp\/v2\/categories?post=2001611"},{"taxonomy":"post_tag","embeddable":true,"href":"https:\/\/www.elenacabrera.com\/weblog3\/wp-json\/wp\/v2\/tags?post=2001611"}],"curies":[{"name":"wp","href":"https:\/\/api.w.org\/{rel}","templated":true}]}}