{"id":2001633,"date":"2010-09-08T19:58:56","date_gmt":"2010-09-08T17:58:56","guid":{"rendered":""},"modified":"2019-05-25T19:24:48","modified_gmt":"2019-05-25T17:24:48","slug":"en-otono-las-tiendas-son-aun-mas-bonitas","status":"publish","type":"post","link":"https:\/\/www.elenacabrera.com\/weblog3\/2010\/09\/08\/en-otono-las-tiendas-son-aun-mas-bonitas\/","title":{"rendered":"En oto\u00f1o las tiendas son a\u00fan m\u00e1s bonitas"},"content":{"rendered":"<div>\n<p>Acaba de iniciarse oficialmente el oto\u00f1o de la siguiente manera: vengo de un breve recorrido en moto por Madrid y he pasado fr\u00edo con mi camiseta de manga corta. He entrado en casa y no he abierto las puertas del balc\u00f3n. Me ido a a cocina y me he preparado el primer t\u00e9 con lim\u00f3n y miel que tomo desde mayo.<\/p>\n<p>Ahora bien: \u00bfqu\u00e9 hac\u00eda yo pimpando por Madrid? Tras recibir una llamada de la librer\u00eda Ecobook esta ma\u00f1ana, he querido pasar ya mismo a recoger un libro que me hab\u00edan encargado. Siempre he pasado por delante de\u00a0<a href=\"http:\/\/www,ecobook.com\">Ecobook<\/a> (calle Cristo, 3. Madrid) con cierta pena: una librer\u00eda tan bonita y bien situada, \u00bfpor qu\u00e9 tendr\u00eda que estar dedicada a los libros de econom\u00eda, algo que no me interesa en absoluto?<\/p>\n<p><a title=\"Octave Mirbeau: 628-E8 por elenac, en Flickr\" href=\"http:\/\/www.flickr.com\/photos\/elenac\/4972013744\/\"><img loading=\"lazy\" decoding=\"async\" class=\"alignleft\" src=\"http:\/\/farm5.static.flickr.com\/4150\/4972013744_bc1a6dd3d1.jpg\" alt=\"Octave Mirbeau: 628-E8\" width=\"318\" height=\"500\" \/><\/a>De cara a seguir alimentando\u00a0<a href=\"http:\/\/www.elenacabrera.com\/weblog\/tag\/octave-mirbeau\/\">mi obsesi\u00f3n por Octave Mirbeau<\/a>, he buscado la edici\u00f3n que\u00a0<a href=\"http:\/\/minerva.uca.es\/publicaciones\/asp\/fichaObra.asp?id=940\">la Universidad de C\u00e1diz public\u00f3<\/a> de\u00a0628-E8. Un viaje en autom\u00f3vil, libro de viaje europeo del cual ya\u00a0<a href=\"http:\/\/www.elenacabrera.com\/weblog\/octave-mirbeau-en-holanda\/\">os he hablado aqu\u00ed<\/a>. Al buscar en internet, encontr\u00e9 que Ecobook\u00a0<a href=\"http:\/\/www.ecobook.com\/L978-84-9828-142-2_628-e8-un-viaje-en-automovil.html\">lo ten\u00eda en su cat\u00e1logo de venta online<\/a>. Les llam\u00e9 pero no lo ten\u00edan en la tienda, aunque me aseguraron que pod\u00edan consegu\u00edrmelo en dos d\u00edas. Tras probar en otras librer\u00edas (nadie lo ten\u00eda) y obtener respuestas difusas (\u00abuy, cinco o seis o m\u00e1s, si es que lo tienen en almac\u00e9n\u00bb), volv\u00ed a llamar al simp\u00e1tico librero de los intragables manuales econ\u00f3micos.<\/p>\n<p>As\u00ed que ya tengo conmigo esta edici\u00f3n de bonita portada, mucho m\u00e1s voluminosa de lo que esperaba, traducido por el equipo\u00a0<a href=\"http:\/\/www.uca.es\/grupos-inv\/HUM120\">\u00abLiteratura-Imagen-Traducci\u00f3n\u00bb<\/a>de la universidad gaditana. Responsable de ese colectivo es Lola Berm\u00fadez,\u00a0<a href=\"http:\/\/www.scribd.com\/doc\/2684125\/Lola-Bermudez-628E8-un-viaje-en-automovil-por-la-Europa-de-principios-del-siglo-XX-\">prologuista<\/a> y traductora, que ha aceptado participar en el programa dedicado a Mirbeau que pronto tendr\u00e1 lugar en\u00a0<a href=\"http:\/\/quiereshacerelfavor.wordpress.com\/\">\u00bfQuieres hacer el favor de leer esto, por favor?<\/a><\/p>\n<p>De paso, por cierto, he pasado por la tienda de discos\u00a0<a href=\"http:\/\/www.radiocitydiscos.com\/\">Radio City<\/a>, que est\u00e1 ah\u00ed al ladito de Ecobook, junto al Conde Duque. Mira que es bonita y agradable. Y chiquitita. Pena que no me interese mucho la m\u00fasica que vende. Aunque me hubiera comprado el \u00faltimo de Wovenhand en vinilo si no lo hubieran agotado.<\/p>\n<\/div>\n","protected":false},"excerpt":{"rendered":"<p>Acaba de iniciarse oficialmente el oto\u00f1o de la siguiente manera: vengo de un breve recorrido en moto por Madrid y he pasado fr\u00edo con mi camiseta de manga corta. He entrado en casa y no he abierto las puertas del balc\u00f3n. Me ido a a cocina y me he preparado el primer t\u00e9 con lim\u00f3n [&hellip;]<\/p>\n","protected":false},"author":1,"featured_media":0,"comment_status":"open","ping_status":"open","sticky":false,"template":"","format":"standard","meta":{"footnotes":""},"categories":[],"tags":[],"class_list":["post-2001633","post","type-post","status-publish","format-standard","hentry"],"_links":{"self":[{"href":"https:\/\/www.elenacabrera.com\/weblog3\/wp-json\/wp\/v2\/posts\/2001633","targetHints":{"allow":["GET"]}}],"collection":[{"href":"https:\/\/www.elenacabrera.com\/weblog3\/wp-json\/wp\/v2\/posts"}],"about":[{"href":"https:\/\/www.elenacabrera.com\/weblog3\/wp-json\/wp\/v2\/types\/post"}],"author":[{"embeddable":true,"href":"https:\/\/www.elenacabrera.com\/weblog3\/wp-json\/wp\/v2\/users\/1"}],"replies":[{"embeddable":true,"href":"https:\/\/www.elenacabrera.com\/weblog3\/wp-json\/wp\/v2\/comments?post=2001633"}],"version-history":[{"count":1,"href":"https:\/\/www.elenacabrera.com\/weblog3\/wp-json\/wp\/v2\/posts\/2001633\/revisions"}],"predecessor-version":[{"id":2002002651,"href":"https:\/\/www.elenacabrera.com\/weblog3\/wp-json\/wp\/v2\/posts\/2001633\/revisions\/2002002651"}],"wp:attachment":[{"href":"https:\/\/www.elenacabrera.com\/weblog3\/wp-json\/wp\/v2\/media?parent=2001633"}],"wp:term":[{"taxonomy":"category","embeddable":true,"href":"https:\/\/www.elenacabrera.com\/weblog3\/wp-json\/wp\/v2\/categories?post=2001633"},{"taxonomy":"post_tag","embeddable":true,"href":"https:\/\/www.elenacabrera.com\/weblog3\/wp-json\/wp\/v2\/tags?post=2001633"}],"curies":[{"name":"wp","href":"https:\/\/api.w.org\/{rel}","templated":true}]}}