{"id":200170,"date":"2009-01-19T17:52:20","date_gmt":"2009-01-19T15:52:20","guid":{"rendered":""},"modified":"2019-05-25T20:35:44","modified_gmt":"2019-05-25T18:35:44","slug":"los-periodistas-estamos-perdiendo-nuestros-trabajos-habra-mani","status":"publish","type":"post","link":"https:\/\/www.elenacabrera.com\/weblog3\/2009\/01\/19\/los-periodistas-estamos-perdiendo-nuestros-trabajos-habra-mani\/","title":{"rendered":"Los periodistas estamos perdiendo nuestros trabajos. Habr\u00e1 mani."},"content":{"rendered":"<p>No pod\u00eda entender que nadie movilizara a los periodistas a una manifestaci\u00f3n, una huelga, una bomba, lo que sea, teniendo en cuenta el ratio de despedidos por minuto que estamos viviendo. La Asociaci\u00f3n de la Prensa de Madrid acaba de lanzar un llamamiento para una movilizaci\u00f3n el 13 de febrero (aniversario de la muerte de Larra, no de Lara) a las 12h bajo el puente de Eduardo Dato, (confluencia Castellana, Juan Bravo y Serrano, es decir, en el Museo de Arte Contempor\u00e1neo al Aire Libre, si no he equivocado las coordenadas):<\/p>\n<blockquote><p><strong>\u201cEN DEFENSA DE LA DIGNIDAD DEL TRABAJO DE LOS PERIODISTAS\u201d <\/strong><\/p>\n<p>Durante los \u00faltimos meses la p\u00e9rdida de empleo de los periodistas es alarmante; no tiene precedentes, y lo que se avecina es aun peor. Miles de empleos de periodistas est\u00e1n amenazados, perdidos o a punto de perderse.<\/p>\n<p>Las condiciones de trabajo de los periodistas se deterioran en la mayor parte de las redacciones ante la impotencia de quienes trabajamos en ellas.<\/p>\n<p>Una crisis econ\u00f3mica, intensa y profunda, que recorta los ingresos y los beneficios de los editores, se une a otras dificultades que venimos arrastrando y padeciendo y que afectan a la forma de ejercer el periodismo y a la calidad del trabajo.<\/p>\n<p>Instamos a editores y directores a buscar soluciones a largo plazo que protejan el futuro de las empresas y de sus trabajadores.<\/p>\n<p>Como un primer paso para expresar nuestra protesta, para trasladar un sentimiento de unidad y de preocupaci\u00f3n y solidarizarnos ante el problema<\/p>\n<p>convocamos<\/p>\n<p>una concentraci\u00f3n a las 12 del mediod\u00eda, el pr\u00f3ximo d\u00eda 13 de febrero, aniversario de la muerte de Larra, en la explanada del Paseo de la Castellana\/Juan Bravo, bajo el paso elevado. Leeremos una declaraci\u00f3n y escucharemos el testimonio de varios compa\u00f1eros.<\/p><\/blockquote>\n","protected":false},"excerpt":{"rendered":"<p>No pod\u00eda entender que nadie movilizara a los periodistas a una manifestaci\u00f3n, una huelga, una bomba, lo que sea, teniendo en cuenta el ratio de despedidos por minuto que estamos viviendo. La Asociaci\u00f3n de la Prensa de Madrid acaba de lanzar un llamamiento para una movilizaci\u00f3n el 13 de febrero (aniversario de la muerte de [&hellip;]<\/p>\n","protected":false},"author":1,"featured_media":0,"comment_status":"open","ping_status":"open","sticky":false,"template":"","format":"standard","meta":{"footnotes":""},"categories":[2],"tags":[],"class_list":["post-200170","post","type-post","status-publish","format-standard","hentry","category-twentytwentyfive"],"_links":{"self":[{"href":"https:\/\/www.elenacabrera.com\/weblog3\/wp-json\/wp\/v2\/posts\/200170","targetHints":{"allow":["GET"]}}],"collection":[{"href":"https:\/\/www.elenacabrera.com\/weblog3\/wp-json\/wp\/v2\/posts"}],"about":[{"href":"https:\/\/www.elenacabrera.com\/weblog3\/wp-json\/wp\/v2\/types\/post"}],"author":[{"embeddable":true,"href":"https:\/\/www.elenacabrera.com\/weblog3\/wp-json\/wp\/v2\/users\/1"}],"replies":[{"embeddable":true,"href":"https:\/\/www.elenacabrera.com\/weblog3\/wp-json\/wp\/v2\/comments?post=200170"}],"version-history":[{"count":1,"href":"https:\/\/www.elenacabrera.com\/weblog3\/wp-json\/wp\/v2\/posts\/200170\/revisions"}],"predecessor-version":[{"id":2002002694,"href":"https:\/\/www.elenacabrera.com\/weblog3\/wp-json\/wp\/v2\/posts\/200170\/revisions\/2002002694"}],"wp:attachment":[{"href":"https:\/\/www.elenacabrera.com\/weblog3\/wp-json\/wp\/v2\/media?parent=200170"}],"wp:term":[{"taxonomy":"category","embeddable":true,"href":"https:\/\/www.elenacabrera.com\/weblog3\/wp-json\/wp\/v2\/categories?post=200170"},{"taxonomy":"post_tag","embeddable":true,"href":"https:\/\/www.elenacabrera.com\/weblog3\/wp-json\/wp\/v2\/tags?post=200170"}],"curies":[{"name":"wp","href":"https:\/\/api.w.org\/{rel}","templated":true}]}}